{"id":132307,"date":"2014-11-28T00:11:24","date_gmt":"2014-11-28T00:11:24","guid":{"rendered":"http:\/\/www.fuldaer-nachrichten.de\/?p=132307"},"modified":"2014-11-27T08:09:16","modified_gmt":"2014-11-27T08:09:16","slug":"awo-buecherbasar-am-sa-06-12-2014-ab-1400-uhr","status":"publish","type":"post","link":"https:\/\/www.fuldaernachrichten.de\/?p=132307","title":{"rendered":"AWO B\u00fccherbasar am Sa. 06.12.2014 ab 14:00 Uhr"},"content":{"rendered":"<p>Fulda. Preiswerte Lekt\u00fcre f\u00fcr lange, dunkle Winterabende gesucht? Der Arbeiterwohlfahrt Kreisverband Fulda e.V. veranstaltet am Nikolaustag den letzten B\u00fccherbasar in diesem Jahr. Angeboten wird eine Vielzahl an gebrauchter, aber noch gut erhaltener Literatur vieler Arten und Fachrichtungen. Wie in der Vergangenheit gibt es auch wieder die Gelegenheit bei Kaffee und Kuchen die ersten Leseproben zu nehmen. Der Erl\u00f6s kommt direkt der Kinder- und Jugendarbeit der AWO in Fulda zugute. Der Basar findet am Sa. 06.12.2014 von 14:00 \u2013 16:00 Uhr in der AWO-Gesch\u00e4ftsstelle in Fulda in der Frankfurter Str. 28 statt.<\/p>\n","protected":false},"excerpt":{"rendered":"<div class=\"tmnf_excerpt\"><p>Fulda. Preiswerte Lekt\u00fcre f\u00fcr lange, dunkle Winterabende gesucht? Der Arbeiterwohlfahrt Kreisverband Fulda e.V. veranstaltet am Nikolaustag den letzten B\u00fccherbasar in diesem Jahr. Angeboten wird eine Vielzahl an gebrauchter, aber noch gut erhaltener Literatur vieler Arten und Fachrichtungen. Wie in der Vergangenheit gibt es auch wieder die Gelegenheit bei Kaffee und Kuchen die ersten Leseproben zu &hellip;<\/p>\n<\/div>","protected":false},"author":1,"featured_media":0,"comment_status":"closed","ping_status":"closed","sticky":false,"template":"","format":"standard","meta":{"footnotes":""},"categories":[1],"tags":[],"class_list":["post-132307","post","type-post","status-publish","format-standard","hentry","category-startseite"],"_links":{"self":[{"href":"https:\/\/www.fuldaernachrichten.de\/index.php?rest_route=\/wp\/v2\/posts\/132307","targetHints":{"allow":["GET"]}}],"collection":[{"href":"https:\/\/www.fuldaernachrichten.de\/index.php?rest_route=\/wp\/v2\/posts"}],"about":[{"href":"https:\/\/www.fuldaernachrichten.de\/index.php?rest_route=\/wp\/v2\/types\/post"}],"author":[{"embeddable":true,"href":"https:\/\/www.fuldaernachrichten.de\/index.php?rest_route=\/wp\/v2\/users\/1"}],"replies":[{"embeddable":true,"href":"https:\/\/www.fuldaernachrichten.de\/index.php?rest_route=%2Fwp%2Fv2%2Fcomments&post=132307"}],"version-history":[{"count":1,"href":"https:\/\/www.fuldaernachrichten.de\/index.php?rest_route=\/wp\/v2\/posts\/132307\/revisions"}],"predecessor-version":[{"id":132308,"href":"https:\/\/www.fuldaernachrichten.de\/index.php?rest_route=\/wp\/v2\/posts\/132307\/revisions\/132308"}],"wp:attachment":[{"href":"https:\/\/www.fuldaernachrichten.de\/index.php?rest_route=%2Fwp%2Fv2%2Fmedia&parent=132307"}],"wp:term":[{"taxonomy":"category","embeddable":true,"href":"https:\/\/www.fuldaernachrichten.de\/index.php?rest_route=%2Fwp%2Fv2%2Fcategories&post=132307"},{"taxonomy":"post_tag","embeddable":true,"href":"https:\/\/www.fuldaernachrichten.de\/index.php?rest_route=%2Fwp%2Fv2%2Ftags&post=132307"}],"curies":[{"name":"wp","href":"https:\/\/api.w.org\/{rel}","templated":true}]}}