{"id":132270,"date":"2014-11-27T00:09:02","date_gmt":"2014-11-27T00:09:02","guid":{"rendered":"http:\/\/www.fuldaer-nachrichten.de\/?p=132270"},"modified":"2014-11-26T11:15:14","modified_gmt":"2014-11-26T11:15:14","slug":"neue-geschaeftsfuehrung-des-geburtshaus-familienzentrum-e-v-neue-raeumlichkeiten-in-der-bahnhofstr-12","status":"publish","type":"post","link":"https:\/\/www.fuldaernachrichten.de\/?p=132270","title":{"rendered":"Neue Gesch\u00e4ftsf\u00fchrung des Geburtshaus &#038; Familienzentrum e.V. &#8211; Neue R\u00e4umlichkeiten in der Bahnhofstr. 12"},"content":{"rendered":"<p><a href=\"http:\/\/www.fuldaer-nachrichten.de\/wp-content\/uploads\/2014\/11\/2014-11-25-7-Team-Geburtshaus-PM.jpg\"><img fetchpriority=\"high\" decoding=\"async\" class=\"alignnone size-full wp-image-132271\" src=\"http:\/\/www.fuldaer-nachrichten.de\/wp-content\/uploads\/2014\/11\/2014-11-25-7-Team-Geburtshaus-PM.jpg\" alt=\"2014-11-25-7-Team-Geburtshaus-PM\" width=\"560\" height=\"452\" \/><\/a><\/p>\n<p>Fulda. Seit Anfang September ist der Geburtshaus und Familienzentrum e.V. zusammen mit der Hebammenpraxis Lichtblick in den neuen R\u00e4umlichkeiten in der Bahnhofstr. 12. Nach einem ereignisreichen Jahr 2014 freut sich das Team mit dem neuen Gesch\u00e4ftsf\u00fchrer Michael M\u00f6ller auf 2015, um neue Ideen umsetzen zu k\u00f6nnen und das schon vielf\u00e4ltige Angebot zu erweitern.<!--more--><\/p>\n<p>\u201eNach der Schlie\u00dfung des Geburtshauses im April, der Suche nach neuen R\u00e4umlichkeiten und schlie\u00dflich unserem Einzug in die Bahnhofstra\u00dfe 12 geht eine bewegende Zeit f\u00fcr uns vorbei und wir hoffen, jetzt wieder in ruhigere Fahrwasser zu kommen\u201c, so Dorothea Silbersack-J\u00e4ger, Vorstand des Vereins. Seit Anfang November ist Michael M\u00f6ller neuer Gesch\u00e4ftsf\u00fchrer des Vereins. \u201eMit Herrn M\u00f6ller haben wir uns nun auch personell neu aufgestellt und k\u00f6nnen 2015 neu durchstarten\u201c, erg\u00e4nzt Frau Silbersack-J\u00e4ger.<\/p>\n<p>2015 ist f\u00fcr den Verein ein wichtiger Meilenstein: Dann wird 20-j\u00e4hriges Jubil\u00e4um gefeiert. \u201eDas ist in guter Zeitpunkt f\u00fcr uns, um mit neuem Standort und neu besetztem Team in die Zukunft zu starten\u201c, so Michael M\u00f6ller. Nach vielen Jahren als kaufm\u00e4nnischer Angestellter hat Herr M\u00f6ller sein Berufsfeld gewechselt: \u201eMit der Arbeit im Geburtshaus und Familienzentrum habe ich die M\u00f6glichkeit, meine bisherige Berufserfahrung im kaufm\u00e4nnischen und betriebswirtschaftlichen Bereich mit meinem ehrenamtlichen sozialen Engagement nun auch im Beruf zu verkn\u00fcpfen.\u201c<\/p>\n<p>Besonders die Vorteile, welche die zentrale Lage in der Innenstadt bietet, m\u00f6chte er mit neuen Elementen in der \u00d6ffentlichkeitsarbeit herausstellen. \u201eDie Kursr\u00e4ume und unser Besprechungs- und Behandlungsraum haben viel Potenzial. Von der guten Lage profitieren nicht nur die M\u00fctter und V\u00e4ter, die an unseren Kursen teilnehmen. Wir m\u00f6chten die R\u00e4umlichkeiten auch anderen Beratern, Therapeuten und unserem Angebot verbundenen Personen zur Verf\u00fcgung stellen, die sich eine gute Erreichbarkeit und einladende Atmosph\u00e4re f\u00fcr Ihre Gespr\u00e4che w\u00fcnschen\u201c, so M\u00f6ller weiter.<\/p>\n<p>Dazu m\u00f6chte er im kommenden Jahr das Angebot breiter aufstellen und bspw. neue Angebote f\u00fcr V\u00e4ter ins Leben rufen. Die Hebammenpraxis ist mit ihrem fachlich fundierten und nat\u00fcrlich orientierten Angebot rund um Schwangerschaft und Wochenbettzeit weiter aktiv. \u201eUns liegt es sehr am Herzen, die durch uns begleiteten Familien f\u00fcr eine selbstbestimmte, gesunde Geburt vorzubereiten und in der spannenden Zeit mit dem Kind f\u00fcr sie da zu sein\u201c, so einstimmig das Team Maria Sattler, Susan M\u00fcller und Tatjana Masche. Der Verein ist telefonisch erreichbar unter 0661-32326 sowie per E-Mail unter <a href=\"mailto:info@geburtshaus-fulda.de\">info@geburtshaus-fulda.de<\/a>. Einen \u00dcberblick \u00fcber das gesamte Kurs- und Beratungsangebot finden Interessierte auf der Homepage <a href=\"http:\/\/www.geburtshaus-fulda.de\">www.geburtshaus-fulda.de<\/a>.<\/p>\n","protected":false},"excerpt":{"rendered":"<div class=\"tmnf_excerpt\"><p>Fulda. Seit Anfang September ist der Geburtshaus und Familienzentrum e.V. zusammen mit der Hebammenpraxis Lichtblick in den neuen R\u00e4umlichkeiten in der Bahnhofstr. 12. Nach einem ereignisreichen Jahr 2014 freut sich das Team mit dem neuen Gesch\u00e4ftsf\u00fchrer Michael M\u00f6ller auf 2015, um neue Ideen umsetzen zu k\u00f6nnen und das schon vielf\u00e4ltige Angebot zu erweitern.<\/p>\n<\/div>","protected":false},"author":1,"featured_media":0,"comment_status":"closed","ping_status":"closed","sticky":false,"template":"","format":"standard","meta":{"footnotes":""},"categories":[1,51,78],"tags":[],"class_list":["post-132270","post","type-post","status-publish","format-standard","hentry","category-startseite","category-medizin","category-topthema"],"_links":{"self":[{"href":"https:\/\/www.fuldaernachrichten.de\/index.php?rest_route=\/wp\/v2\/posts\/132270","targetHints":{"allow":["GET"]}}],"collection":[{"href":"https:\/\/www.fuldaernachrichten.de\/index.php?rest_route=\/wp\/v2\/posts"}],"about":[{"href":"https:\/\/www.fuldaernachrichten.de\/index.php?rest_route=\/wp\/v2\/types\/post"}],"author":[{"embeddable":true,"href":"https:\/\/www.fuldaernachrichten.de\/index.php?rest_route=\/wp\/v2\/users\/1"}],"replies":[{"embeddable":true,"href":"https:\/\/www.fuldaernachrichten.de\/index.php?rest_route=%2Fwp%2Fv2%2Fcomments&post=132270"}],"version-history":[{"count":1,"href":"https:\/\/www.fuldaernachrichten.de\/index.php?rest_route=\/wp\/v2\/posts\/132270\/revisions"}],"predecessor-version":[{"id":132272,"href":"https:\/\/www.fuldaernachrichten.de\/index.php?rest_route=\/wp\/v2\/posts\/132270\/revisions\/132272"}],"wp:attachment":[{"href":"https:\/\/www.fuldaernachrichten.de\/index.php?rest_route=%2Fwp%2Fv2%2Fmedia&parent=132270"}],"wp:term":[{"taxonomy":"category","embeddable":true,"href":"https:\/\/www.fuldaernachrichten.de\/index.php?rest_route=%2Fwp%2Fv2%2Fcategories&post=132270"},{"taxonomy":"post_tag","embeddable":true,"href":"https:\/\/www.fuldaernachrichten.de\/index.php?rest_route=%2Fwp%2Fv2%2Ftags&post=132270"}],"curies":[{"name":"wp","href":"https:\/\/api.w.org\/{rel}","templated":true}]}}