{"id":132233,"date":"2014-11-26T00:12:02","date_gmt":"2014-11-26T00:12:02","guid":{"rendered":"http:\/\/www.fuldaer-nachrichten.de\/?p=132233"},"modified":"2014-11-25T18:12:39","modified_gmt":"2014-11-25T18:12:39","slug":"gitarrenwochenende-in-hilders","status":"publish","type":"post","link":"https:\/\/www.fuldaernachrichten.de\/?p=132233","title":{"rendered":"Gitarrenwochenende in Hilders"},"content":{"rendered":"<p>Hilders. Die KjG Fulda veranstaltet vom 05. \u2013 07. Dezember ein Gitarrenwochenende f\u00fcr Jugendliche und junge Erwachsene ab 14 Jahren im Thomas-Morus-Haus bei Hilders. Anf\u00e4nger k\u00f6nnen das Gitarrenspiel erlernen und Fortgeschrittene ihre F\u00e4higkeiten weiterentwickeln. Anmeldung bei der KjG Di\u00f6zesanstelle, Tel. 0661-87462 oder kjg@bistum-fulda.de. Die Teilnehmendengeb\u00fchr betr\u00e4gt f\u00fcr Mitglieder der KjG 35 \u00e2\u201a\u00ac und f\u00fcr Nichtmitglieder 45 \u00e2\u201a\u00ac. Weitere Informationen auch unter www.kjg-fulda.de.<\/p>\n","protected":false},"excerpt":{"rendered":"<div class=\"tmnf_excerpt\"><p>Hilders. Die KjG Fulda veranstaltet vom 05. \u2013 07. Dezember ein Gitarrenwochenende f\u00fcr Jugendliche und junge Erwachsene ab 14 Jahren im Thomas-Morus-Haus bei Hilders. Anf\u00e4nger k\u00f6nnen das Gitarrenspiel erlernen und Fortgeschrittene ihre F\u00e4higkeiten weiterentwickeln. Anmeldung bei der KjG Di\u00f6zesanstelle, Tel. 0661-87462 oder kjg@bistum-fulda.de. Die Teilnehmendengeb\u00fchr betr\u00e4gt f\u00fcr Mitglieder der KjG 35 \u00e2\u201a\u00ac und f\u00fcr Nichtmitglieder &hellip;<\/p>\n<\/div>","protected":false},"author":1,"featured_media":0,"comment_status":"closed","ping_status":"closed","sticky":false,"template":"","format":"standard","meta":{"footnotes":""},"categories":[1,44],"tags":[],"class_list":["post-132233","post","type-post","status-publish","format-standard","hentry","category-startseite","category-kultur"],"_links":{"self":[{"href":"https:\/\/www.fuldaernachrichten.de\/index.php?rest_route=\/wp\/v2\/posts\/132233","targetHints":{"allow":["GET"]}}],"collection":[{"href":"https:\/\/www.fuldaernachrichten.de\/index.php?rest_route=\/wp\/v2\/posts"}],"about":[{"href":"https:\/\/www.fuldaernachrichten.de\/index.php?rest_route=\/wp\/v2\/types\/post"}],"author":[{"embeddable":true,"href":"https:\/\/www.fuldaernachrichten.de\/index.php?rest_route=\/wp\/v2\/users\/1"}],"replies":[{"embeddable":true,"href":"https:\/\/www.fuldaernachrichten.de\/index.php?rest_route=%2Fwp%2Fv2%2Fcomments&post=132233"}],"version-history":[{"count":1,"href":"https:\/\/www.fuldaernachrichten.de\/index.php?rest_route=\/wp\/v2\/posts\/132233\/revisions"}],"predecessor-version":[{"id":132234,"href":"https:\/\/www.fuldaernachrichten.de\/index.php?rest_route=\/wp\/v2\/posts\/132233\/revisions\/132234"}],"wp:attachment":[{"href":"https:\/\/www.fuldaernachrichten.de\/index.php?rest_route=%2Fwp%2Fv2%2Fmedia&parent=132233"}],"wp:term":[{"taxonomy":"category","embeddable":true,"href":"https:\/\/www.fuldaernachrichten.de\/index.php?rest_route=%2Fwp%2Fv2%2Fcategories&post=132233"},{"taxonomy":"post_tag","embeddable":true,"href":"https:\/\/www.fuldaernachrichten.de\/index.php?rest_route=%2Fwp%2Fv2%2Ftags&post=132233"}],"curies":[{"name":"wp","href":"https:\/\/api.w.org\/{rel}","templated":true}]}}