{"id":132223,"date":"2014-11-26T00:13:30","date_gmt":"2014-11-26T00:13:30","guid":{"rendered":"http:\/\/www.fuldaer-nachrichten.de\/?p=132223"},"modified":"2014-11-25T18:04:20","modified_gmt":"2014-11-25T18:04:20","slug":"programm-des-fuldaer-weihnachtsmarkts-adventskonzerte-der-musikschule","status":"publish","type":"post","link":"https:\/\/www.fuldaernachrichten.de\/?p=132223","title":{"rendered":"Programm des Fuldaer Weihnachtsmarkts: Adventskonzerte der Musikschule"},"content":{"rendered":"<p>Fulda. An jedem Adventssamstag (29. November, 6. Dezember, 13. Dezember und 20. Dezember 2014) findet um 15 Uhr im Marmorsaal des Stadtschloss Fulda ein Adventskonzert der Musikschule Fulda statt. Lassen Sie sich f\u00fcr eine Stunde von unterhaltsamen, weihnachtlichen, aber auch festlichen und klassischen Musikst\u00fccken verzaubern. So werden an den Adventssamstagen beispielsweise Streicher-, Bl\u00e4ser-, Klavier und Harfenkl\u00e4nge das bevorstehende Fest ank\u00fcndigen. Neben leichter daherkommenden Melodien werden die jungen K\u00fcnstler aber auch immer wieder Klassisches von Bach, Schumann, Chopin oder Liszt darbieten, so dass f\u00fcr jeden Geschmack etwas dabei sein d\u00fcrfte.<!--more--><\/p>\n<p>Nach dem Konzert werden die bezaubernden barocken Weihnachtsengel Sie auf den Weihnachtsmarkt begleiten. Die Tickets kosten f\u00fcnf Euro pro Person bei freier Platzwahl. Kinder bis sechs Jahre k\u00f6nnen kostenfrei an den Konzerten teilnehmen. Die Tickets bekommen interessierte Besucher in der Tourist Information oder vor Ort an der Nachmittagskasse.<\/p>\n","protected":false},"excerpt":{"rendered":"<div class=\"tmnf_excerpt\"><p>Fulda. An jedem Adventssamstag (29. November, 6. Dezember, 13. Dezember und 20. Dezember 2014) findet um 15 Uhr im Marmorsaal des Stadtschloss Fulda ein Adventskonzert der Musikschule Fulda statt. Lassen Sie sich f\u00fcr eine Stunde von unterhaltsamen, weihnachtlichen, aber auch festlichen und klassischen Musikst\u00fccken verzaubern. So werden an den Adventssamstagen beispielsweise Streicher-, Bl\u00e4ser-, Klavier und &hellip;<\/p>\n<\/div>","protected":false},"author":1,"featured_media":0,"comment_status":"closed","ping_status":"closed","sticky":false,"template":"","format":"standard","meta":{"footnotes":""},"categories":[1,44],"tags":[],"class_list":["post-132223","post","type-post","status-publish","format-standard","hentry","category-startseite","category-kultur"],"_links":{"self":[{"href":"https:\/\/www.fuldaernachrichten.de\/index.php?rest_route=\/wp\/v2\/posts\/132223","targetHints":{"allow":["GET"]}}],"collection":[{"href":"https:\/\/www.fuldaernachrichten.de\/index.php?rest_route=\/wp\/v2\/posts"}],"about":[{"href":"https:\/\/www.fuldaernachrichten.de\/index.php?rest_route=\/wp\/v2\/types\/post"}],"author":[{"embeddable":true,"href":"https:\/\/www.fuldaernachrichten.de\/index.php?rest_route=\/wp\/v2\/users\/1"}],"replies":[{"embeddable":true,"href":"https:\/\/www.fuldaernachrichten.de\/index.php?rest_route=%2Fwp%2Fv2%2Fcomments&post=132223"}],"version-history":[{"count":1,"href":"https:\/\/www.fuldaernachrichten.de\/index.php?rest_route=\/wp\/v2\/posts\/132223\/revisions"}],"predecessor-version":[{"id":132224,"href":"https:\/\/www.fuldaernachrichten.de\/index.php?rest_route=\/wp\/v2\/posts\/132223\/revisions\/132224"}],"wp:attachment":[{"href":"https:\/\/www.fuldaernachrichten.de\/index.php?rest_route=%2Fwp%2Fv2%2Fmedia&parent=132223"}],"wp:term":[{"taxonomy":"category","embeddable":true,"href":"https:\/\/www.fuldaernachrichten.de\/index.php?rest_route=%2Fwp%2Fv2%2Fcategories&post=132223"},{"taxonomy":"post_tag","embeddable":true,"href":"https:\/\/www.fuldaernachrichten.de\/index.php?rest_route=%2Fwp%2Fv2%2Ftags&post=132223"}],"curies":[{"name":"wp","href":"https:\/\/api.w.org\/{rel}","templated":true}]}}