{"id":132220,"date":"2014-11-26T00:13:51","date_gmt":"2014-11-26T00:13:51","guid":{"rendered":"http:\/\/www.fuldaer-nachrichten.de\/?p=132220"},"modified":"2014-11-25T18:02:35","modified_gmt":"2014-11-25T18:02:35","slug":"wiedereroeffnung-des-elektrofachgeschaefts-des-ueberlandwerks-in-hilders","status":"publish","type":"post","link":"https:\/\/www.fuldaernachrichten.de\/?p=132220","title":{"rendered":"Wiederer\u00f6ffnung des Elektrofachgesch\u00e4fts des \u00dcberlandwerks in Hilders"},"content":{"rendered":"<p><a href=\"http:\/\/www.fuldaer-nachrichten.de\/wp-content\/uploads\/2014\/11\/\u00dcW_Er\u00f6ffHilders_Presse.jpg\"><img decoding=\"async\" class=\"alignleft size-thumbnail wp-image-132221\" src=\"http:\/\/www.fuldaer-nachrichten.de\/wp-content\/uploads\/2014\/11\/\u00dcW_Er\u00f6ffHilders_Presse-265x164.jpg\" alt=\"\u00dcW_Er\u00f6ffHilders_Presse\" width=\"265\" height=\"164\" \/><\/a>Hilders. Nun ist es soweit: der neu gestaltete Verkaufsbereich f\u00fcr das Elektrofachgesch\u00e4ft der \u00dcberlandwerk Rh\u00f6n GmbH (\u00dcWR) in Hilders ist nach 6 Wochen Umbau seit vergangenem Montag wieder ge\u00f6ffnet. In freundlicher Atmosph\u00e4re k\u00f6nnen die Kunden nun das breite Warensortiment von Unterhaltungselektronik \u00fcber Elektrohausger\u00e4te bis hin zu Einbau- und Kleinger\u00e4ten genie\u00dfen. Fachkundige Beratung durch das langj\u00e4hrige Verkaufspersonal ist garantiert.<!--more--><\/p>\n<p>Das Verkaufsgesch\u00e4ft des \u00dcWR besteht bereits seit den Gr\u00fcndertagen des kommunalen Unternehmens in den fr\u00fchen 1920er Jahren. Neben dem Aufbau eines Stromnetzes und der Belieferung der Kunden mit Strom musste nat\u00fcrlich auch die elektrische Ausstattung der Haushalte von statten gehen. So hat das \u00dcWR, wie damals viele andere Stromversorger auch, ein Elektrofachgesch\u00e4ft aufgebaut. Dass dieses heute noch betrieben wird, ist dagegen eine Rarit\u00e4t. Die meisten Versorger haben sich bereits vor vielen Jahrzehnten von diesem Gesch\u00e4ftsfeld getrennt. Den verantwortlichen Gesellschaftern beim \u00dcWR war und ist es immer das Bed\u00fcrfnis, den Kunden neben der eigentlichen Stromlieferung weitere Dienstleistungen zu bieten. So gibt es neben dem Bereich der Elektroinstallationen f\u00fcr Privatkunden und Gewerbebetriebe auch heute noch das Elektrofachgesch\u00e4ft in Hilders.<\/p>\n<p>Die Modernisierung des Verkaufsbereiches in Hilders war notwendig, nachdem die letzte grundlegende Umbauma\u00dfnahme bereits 1985 und eine weitere kleinere Renovierung 2001 stattfand. F\u00fcr die handwerklichen Arbeiten kamen nur heimische Firmen in Frage. So konnten die anfallenden Trockenbau-, Maler-, und Fu\u00dfbodenarbeiten sowie die Ausstellung, die Schreinerarbeiten und die Schaufenster durch die Firmen Malerbetrieb Fleischmann, Tann, Schreinerei N\u00fcdling, Hilders, und Schreinerei Schmitt, Frickenhausen, ausgef\u00fchrt werden.<\/p>\n<p>Mit der neuen Ladeneinrichtung, die von der Firma Panzer Shop Concept aus Erbendorf angefertigt wurde, stehen den Kunden und den Fachberatern des \u00dcWR nun moderne Verkaufsfl\u00e4chen zur Verf\u00fcgung. Hier soll sich die gro\u00dfe St\u00e4rke des \u00dcWR, die fachliche und pers\u00f6nliche Beratung durch die Verkaufsmannschaft unter ihrem Leiter Karl-Heinz Lindner sowie der Kundendienst f\u00fcr Reparaturen, mit Dietmar Eppler und Gerhard Hohmann, noch besser entfalten. Die insgesamt sechs Personen im Verkauf und Service mit Kundendienst wollen sich auch weiterhin als Anlauf- und Beratungsstelle des \u00dcWR in Hilders pr\u00e4sentieren. Denn die Kundenn\u00e4he liegt allen im \u00dcWR am Herzen. Kein weit entferntes Beratungszentrum oder eine telefonische Hotline sind das Ma\u00df des Unternehmens. Vor Ort mit pers\u00f6nlichem Kontakt! Ein Service, den viele Kunden zu sch\u00e4tzen wissen.<\/p>\n<p>Bei einer kleinen Feier am vergangenen Montag anl\u00e4sslich der Wiederer\u00f6ffnung freute sich das Verkaufs- und Servicepersonal des \u00dcWR zusammen mit dem Bezirksstellenleiter Ingo Habig und der Gesch\u00e4ftsf\u00fchrung \u00fcber den gelungenen Umbau. Gesch\u00e4ftsf\u00fchrer Helmut Grosser dankte allen Beteiligten Firmen und Mitarbeitern f\u00fcr die gute Arbeit und das ansprechende Ergebnis. Hilders B\u00fcrgermeister Hubert Blum, zugleich Aufsichtsratsmitglied des \u00dcWR, lobte zusammen mit den anwesenden Gemeindevertretern die Neugestaltung, da dadurch auch die Attraktivit\u00e4t im gewerblichen Bereich des Einzelhandels in Hilders gest\u00e4rkt werde. Und das nat\u00fcrlich auch \u00fcber Hilders ins Ulstertal hinaus, denn auch die beiden B\u00fcrgermeister und ebenfalls Aufsichtsratsmitglieder aus den Nachbargemeinden, Thomas Schreiner aus Ehrenberg und Mario D\u00e4nner aus Tann, waren zur Neuer\u00f6ffnung gekommen.<\/p>\n","protected":false},"excerpt":{"rendered":"<div class=\"tmnf_excerpt\"><p>Hilders. Nun ist es soweit: der neu gestaltete Verkaufsbereich f\u00fcr das Elektrofachgesch\u00e4ft der \u00dcberlandwerk Rh\u00f6n GmbH (\u00dcWR) in Hilders ist nach 6 Wochen Umbau seit vergangenem Montag wieder ge\u00f6ffnet. In freundlicher Atmosph\u00e4re k\u00f6nnen die Kunden nun das breite Warensortiment von Unterhaltungselektronik \u00fcber Elektrohausger\u00e4te bis hin zu Einbau- und Kleinger\u00e4ten genie\u00dfen. Fachkundige Beratung durch das langj\u00e4hrige &hellip;<\/p>\n<\/div>","protected":false},"author":1,"featured_media":0,"comment_status":"closed","ping_status":"closed","sticky":false,"template":"","format":"standard","meta":{"footnotes":""},"categories":[1,29],"tags":[],"class_list":["post-132220","post","type-post","status-publish","format-standard","hentry","category-startseite","category-politik"],"_links":{"self":[{"href":"https:\/\/www.fuldaernachrichten.de\/index.php?rest_route=\/wp\/v2\/posts\/132220","targetHints":{"allow":["GET"]}}],"collection":[{"href":"https:\/\/www.fuldaernachrichten.de\/index.php?rest_route=\/wp\/v2\/posts"}],"about":[{"href":"https:\/\/www.fuldaernachrichten.de\/index.php?rest_route=\/wp\/v2\/types\/post"}],"author":[{"embeddable":true,"href":"https:\/\/www.fuldaernachrichten.de\/index.php?rest_route=\/wp\/v2\/users\/1"}],"replies":[{"embeddable":true,"href":"https:\/\/www.fuldaernachrichten.de\/index.php?rest_route=%2Fwp%2Fv2%2Fcomments&post=132220"}],"version-history":[{"count":1,"href":"https:\/\/www.fuldaernachrichten.de\/index.php?rest_route=\/wp\/v2\/posts\/132220\/revisions"}],"predecessor-version":[{"id":132222,"href":"https:\/\/www.fuldaernachrichten.de\/index.php?rest_route=\/wp\/v2\/posts\/132220\/revisions\/132222"}],"wp:attachment":[{"href":"https:\/\/www.fuldaernachrichten.de\/index.php?rest_route=%2Fwp%2Fv2%2Fmedia&parent=132220"}],"wp:term":[{"taxonomy":"category","embeddable":true,"href":"https:\/\/www.fuldaernachrichten.de\/index.php?rest_route=%2Fwp%2Fv2%2Fcategories&post=132220"},{"taxonomy":"post_tag","embeddable":true,"href":"https:\/\/www.fuldaernachrichten.de\/index.php?rest_route=%2Fwp%2Fv2%2Ftags&post=132220"}],"curies":[{"name":"wp","href":"https:\/\/api.w.org\/{rel}","templated":true}]}}