{"id":132212,"date":"2014-11-26T00:13:20","date_gmt":"2014-11-26T00:13:20","guid":{"rendered":"http:\/\/www.fuldaer-nachrichten.de\/?p=132212"},"modified":"2014-11-25T17:28:01","modified_gmt":"2014-11-25T17:28:01","slug":"osthessenkicker-erstmals-mit-seniorenmannschaft-am-start","status":"publish","type":"post","link":"https:\/\/www.fuldaernachrichten.de\/?p=132212","title":{"rendered":"Osthessenkicker erstmals mit Seniorenmannschaft am Start"},"content":{"rendered":"<p>Gro\u00dfenl\u00fcder. Erstmals in der Vereinsgeschichte stellen die Osthessenkicker eine Seniorenmannschaft auf. Am kommenden Sonntag, 30.11.2014, finden die hessischen Relegationsspiele zur Seniorenmannschaftsmeisterschaft 2015 statt. Der Sieger qualifiziert sich dann f\u00fcr die Bundesliga-Relegation Anfang n\u00e4chsten Jahres. F\u00fcr die Osthessenkicker treten Ulrich\u00c2\u00a0 Augstein, Franz Hillenbrand, J\u00fcrgen Jordan und Stefan J\u00f6kel an. \u00c2\u00a0<!--more--><\/p>\n<p><strong>Osthessenkicker bei Deutschen Meisterschaften vertreten<\/strong><br \/>\nAm 15.\/16. November fanden in Medebach die Deutschen Meisterschaften im Tischfu\u00dfball statt. Rund 380 qualifizierte Spieler k\u00e4mpften um den nationalen Meistertitel. Die Sieger der jeweiligen Kategorien qualifizierten sich auch gleich f\u00fcr die Weltmeisterschaft im kommenden Jahr in Turin. Im Herren Einzel siegte Maximilian Hoyer vom TFC Leipzig. Den Sieg im Herren Doppel errangen Kai Dins (TFC Klein Zimmern e.V.) und Mark Stabenau (Kong Foos Darmstadt e.V.).<br \/>\nMatthias Buder und Hakan Tosun von den Osthessenkickern belegten im Doppel den 59. Platz. Im Einzel beendete Matthias Buder das Turnier auf Platz 55 und Hakan Tosun auf Platz 90.<\/p>\n<p>Eine \u00dcbersicht \u00fcber die weiteren Ergebnisse finden Sie hier:<br \/>\nhttp:\/\/www.dtfb.de\/index.php\/deutsche-meisterschaft\/ergebnisse-dm<\/p>\n<p><strong>Training<\/strong><br \/>\nDas Training der Osthessenkicker findet immer dienstags und freitags ab 20:00 Uhr in den Vereinsr\u00e4umen im L\u00fcderhaus statt. Das Jugendtraining beginnt an beiden Tagen jeweils um 19:00 Uhr.<\/p>\n","protected":false},"excerpt":{"rendered":"<div class=\"tmnf_excerpt\"><p>Gro\u00dfenl\u00fcder. Erstmals in der Vereinsgeschichte stellen die Osthessenkicker eine Seniorenmannschaft auf. Am kommenden Sonntag, 30.11.2014, finden die hessischen Relegationsspiele zur Seniorenmannschaftsmeisterschaft 2015 statt. Der Sieger qualifiziert sich dann f\u00fcr die Bundesliga-Relegation Anfang n\u00e4chsten Jahres. F\u00fcr die Osthessenkicker treten Ulrich\u00c2\u00a0 Augstein, Franz Hillenbrand, J\u00fcrgen Jordan und Stefan J\u00f6kel an. \u00c2\u00a0<\/p>\n<\/div>","protected":false},"author":1,"featured_media":0,"comment_status":"closed","ping_status":"closed","sticky":false,"template":"","format":"standard","meta":{"footnotes":""},"categories":[1,46],"tags":[],"class_list":["post-132212","post","type-post","status-publish","format-standard","hentry","category-startseite","category-sport"],"_links":{"self":[{"href":"https:\/\/www.fuldaernachrichten.de\/index.php?rest_route=\/wp\/v2\/posts\/132212","targetHints":{"allow":["GET"]}}],"collection":[{"href":"https:\/\/www.fuldaernachrichten.de\/index.php?rest_route=\/wp\/v2\/posts"}],"about":[{"href":"https:\/\/www.fuldaernachrichten.de\/index.php?rest_route=\/wp\/v2\/types\/post"}],"author":[{"embeddable":true,"href":"https:\/\/www.fuldaernachrichten.de\/index.php?rest_route=\/wp\/v2\/users\/1"}],"replies":[{"embeddable":true,"href":"https:\/\/www.fuldaernachrichten.de\/index.php?rest_route=%2Fwp%2Fv2%2Fcomments&post=132212"}],"version-history":[{"count":1,"href":"https:\/\/www.fuldaernachrichten.de\/index.php?rest_route=\/wp\/v2\/posts\/132212\/revisions"}],"predecessor-version":[{"id":132213,"href":"https:\/\/www.fuldaernachrichten.de\/index.php?rest_route=\/wp\/v2\/posts\/132212\/revisions\/132213"}],"wp:attachment":[{"href":"https:\/\/www.fuldaernachrichten.de\/index.php?rest_route=%2Fwp%2Fv2%2Fmedia&parent=132212"}],"wp:term":[{"taxonomy":"category","embeddable":true,"href":"https:\/\/www.fuldaernachrichten.de\/index.php?rest_route=%2Fwp%2Fv2%2Fcategories&post=132212"},{"taxonomy":"post_tag","embeddable":true,"href":"https:\/\/www.fuldaernachrichten.de\/index.php?rest_route=%2Fwp%2Fv2%2Ftags&post=132212"}],"curies":[{"name":"wp","href":"https:\/\/api.w.org\/{rel}","templated":true}]}}