{"id":132209,"date":"2014-11-26T00:13:56","date_gmt":"2014-11-26T00:13:56","guid":{"rendered":"http:\/\/www.fuldaer-nachrichten.de\/?p=132209"},"modified":"2014-11-25T17:25:12","modified_gmt":"2014-11-25T17:25:12","slug":"buch-bluehende-landschaften-mit-vorstellung-der-firmen-buechel-und-heurich","status":"publish","type":"post","link":"https:\/\/www.fuldaernachrichten.de\/?p=132209","title":{"rendered":"Buch \u201eBl\u00fchende Landschaften\u201c mit Vorstellung der Firmen B\u00fcchel und Heurich"},"content":{"rendered":"<div id=\"attachment_132210\" style=\"width: 275px\" class=\"wp-caption alignleft\"><a href=\"http:\/\/www.fuldaer-nachrichten.de\/wp-content\/uploads\/2014\/11\/Jila-und-Erhard-B\u00fcchel.jpg\"><img fetchpriority=\"high\" decoding=\"async\" aria-describedby=\"caption-attachment-132210\" class=\"size-thumbnail wp-image-132210\" src=\"http:\/\/www.fuldaer-nachrichten.de\/wp-content\/uploads\/2014\/11\/Jila-und-Erhard-B\u00fcchel-265x213.jpg\" alt=\"Jila und Erhard B\u00fcchel mit ihrem pers\u00f6nlichen Exemplar der \u201eBl\u00fchenden Landschaften\u201c vor der eindrucksvollen Frankfurter Skyline.   \" width=\"265\" height=\"213\" \/><\/a><p id=\"caption-attachment-132210\" class=\"wp-caption-text\">Jila und Erhard B\u00fcchel mit ihrem pers\u00f6nlichen Exemplar der \u201eBl\u00fchenden Landschaften\u201c vor der eindrucksvollen Frankfurter Skyline.<\/p><\/div>\n<p>Frankfurt\/ Fulda. \u201eBl\u00fchende Landschaften\u201c\u00c2\u00a0 &#8211; so lautet der Titel eines rund 300 Seiten starken Buches, das erfolgreiche Familienunternehmen in Deutschland skizziert. 30 von ihnen wurden zwischen Heeslingen im Norden bis nach Tettnang ganz im S\u00fcden des Landes daf\u00fcr ausgew\u00e4hlt.\u00c2\u00a0Familienunternehmen, die weniger in den Metropolen, sondern in l\u00e4ndlichen Regionen ihren Firmensitz haben und die oftmals diese Regionen in besonderem Ma\u00dfe pr\u00e4gen. Mit eindrucksvollen, k\u00fcnstlerischen Fotos, mit klugen und humorvollen Statements werden die Unternehmen und ihre Mitarbeiter, werden Land und Leute beschrieben. <!--more--><\/p>\n<p>Mit von der Partie und Bestandteil des Buches sind aus der Region Fulda die Unternehmen Heurich aus Petersberg und die B\u00fcchel GmbH &amp; Co. Fahrzeugteilefabrik KG mit Sitz in Fulda und Zella-Mehlis. Anl\u00e4sslich der feierlichen Buch\u00fcbergabe waren Erhard und Jila B\u00fcchel in die 48. Etage der PricewaterhouseCoopers AG nach Frankfurt eingeladen, um hier ihre pers\u00f6nlichen Exemplare entgegenzunehmen und mit weiteren Mittelst\u00e4ndlern ins Gespr\u00e4ch zu kommen. In seiner Laudatio verdeutlichte Herausgeber Prof. Dr. Peter May, dass das umfassende Werk \u201eein kleines Denkmal\u201c stellvertretend f\u00fcr viele weitere mittelst\u00e4ndische Familienunternehmen in der deutschen Provinz setze: \u201e\u00e2\u20ac\u00a6ein Dankesch\u00f6n f\u00fcr Gestern und als Ansporn f\u00fcr die Zukunft\u201c.<\/p>\n<p>Ohne diese Familienunternehmen g\u00e4be es keine bl\u00fchenden Landschaften in Deutschland: \u201eFamilienunternehmen denken im Rhythmus von Generationen und nicht im Takt von Aktion\u00e4rsversammlungen.\u201c Das gro\u00dfformatige Werk erm\u00f6glicht Blicke in das t\u00e4gliche Leben, in die Arbeitsbedingungen und in die charakteristischen Besonderheiten der Betriebe. In dem gro\u00dfformatigen Werk werden neben den Fuldaer Unternehmen Erfolgsgeschichten unter anderem von Melitta und\u00c2\u00a0 Ritter Sport, von Trigema und Villeroy &amp; Boch erz\u00e4hlt.<\/p>\n<p>&nbsp;<\/p>\n","protected":false},"excerpt":{"rendered":"<div class=\"tmnf_excerpt\"><p>Frankfurt\/ Fulda. \u201eBl\u00fchende Landschaften\u201c\u00c2\u00a0 &#8211; so lautet der Titel eines rund 300 Seiten starken Buches, das erfolgreiche Familienunternehmen in Deutschland skizziert. 30 von ihnen wurden zwischen Heeslingen im Norden bis nach Tettnang ganz im S\u00fcden des Landes daf\u00fcr ausgew\u00e4hlt.\u00c2\u00a0Familienunternehmen, die weniger in den Metropolen, sondern in l\u00e4ndlichen Regionen ihren Firmensitz haben und die oftmals diese &hellip;<\/p>\n<\/div>","protected":false},"author":1,"featured_media":0,"comment_status":"closed","ping_status":"closed","sticky":false,"template":"","format":"standard","meta":{"footnotes":""},"categories":[1,29],"tags":[],"class_list":["post-132209","post","type-post","status-publish","format-standard","hentry","category-startseite","category-politik"],"_links":{"self":[{"href":"https:\/\/www.fuldaernachrichten.de\/index.php?rest_route=\/wp\/v2\/posts\/132209","targetHints":{"allow":["GET"]}}],"collection":[{"href":"https:\/\/www.fuldaernachrichten.de\/index.php?rest_route=\/wp\/v2\/posts"}],"about":[{"href":"https:\/\/www.fuldaernachrichten.de\/index.php?rest_route=\/wp\/v2\/types\/post"}],"author":[{"embeddable":true,"href":"https:\/\/www.fuldaernachrichten.de\/index.php?rest_route=\/wp\/v2\/users\/1"}],"replies":[{"embeddable":true,"href":"https:\/\/www.fuldaernachrichten.de\/index.php?rest_route=%2Fwp%2Fv2%2Fcomments&post=132209"}],"version-history":[{"count":1,"href":"https:\/\/www.fuldaernachrichten.de\/index.php?rest_route=\/wp\/v2\/posts\/132209\/revisions"}],"predecessor-version":[{"id":132211,"href":"https:\/\/www.fuldaernachrichten.de\/index.php?rest_route=\/wp\/v2\/posts\/132209\/revisions\/132211"}],"wp:attachment":[{"href":"https:\/\/www.fuldaernachrichten.de\/index.php?rest_route=%2Fwp%2Fv2%2Fmedia&parent=132209"}],"wp:term":[{"taxonomy":"category","embeddable":true,"href":"https:\/\/www.fuldaernachrichten.de\/index.php?rest_route=%2Fwp%2Fv2%2Fcategories&post=132209"},{"taxonomy":"post_tag","embeddable":true,"href":"https:\/\/www.fuldaernachrichten.de\/index.php?rest_route=%2Fwp%2Fv2%2Ftags&post=132209"}],"curies":[{"name":"wp","href":"https:\/\/api.w.org\/{rel}","templated":true}]}}