{"id":132203,"date":"2014-11-26T00:12:30","date_gmt":"2014-11-26T00:12:30","guid":{"rendered":"http:\/\/www.fuldaer-nachrichten.de\/?p=132203"},"modified":"2014-11-25T16:57:02","modified_gmt":"2014-11-25T16:57:02","slug":"qigong-yangsheng-fuer-fortgeschrittene","status":"publish","type":"post","link":"https:\/\/www.fuldaernachrichten.de\/?p=132203","title":{"rendered":"Qigong Yangsheng f\u00fcr Fortgeschrittene"},"content":{"rendered":"<p>Fulda. In einem Kurs der Volkshochschule des Landkreises Fulda f\u00fcr Fortgeschrittene sollen bekannte Formen des Qigong Yangsheng nachhaltig vertieft werden. Dazu werden \u00dcbungen aus den elementaren Bereichen herangezogen und zum Teil frei interpretiert. Beginn ist am Donnerstag, 27. November, um 18.15 Uhr in Fulda; Eduard-Stieler-Campus, im Raum &#8220;Ruhe und Gymnastik&#8221;. Informationen bei der VHS Gesch\u00e4ftsstelle, Telefon (0661)25199-0, oder unter <a href=\"http:\/\/www.vhs-fulda.de\">www.vhs-fulda.de<\/a>.<\/p>\n","protected":false},"excerpt":{"rendered":"<div class=\"tmnf_excerpt\"><p>Fulda. In einem Kurs der Volkshochschule des Landkreises Fulda f\u00fcr Fortgeschrittene sollen bekannte Formen des Qigong Yangsheng nachhaltig vertieft werden. Dazu werden \u00dcbungen aus den elementaren Bereichen herangezogen und zum Teil frei interpretiert. Beginn ist am Donnerstag, 27. November, um 18.15 Uhr in Fulda; Eduard-Stieler-Campus, im Raum &#8220;Ruhe und Gymnastik&#8221;. Informationen bei der VHS Gesch\u00e4ftsstelle, &hellip;<\/p>\n<\/div>","protected":false},"author":1,"featured_media":0,"comment_status":"closed","ping_status":"closed","sticky":false,"template":"","format":"standard","meta":{"footnotes":""},"categories":[1,53],"tags":[],"class_list":["post-132203","post","type-post","status-publish","format-standard","hentry","category-startseite","category-bildung"],"_links":{"self":[{"href":"https:\/\/www.fuldaernachrichten.de\/index.php?rest_route=\/wp\/v2\/posts\/132203","targetHints":{"allow":["GET"]}}],"collection":[{"href":"https:\/\/www.fuldaernachrichten.de\/index.php?rest_route=\/wp\/v2\/posts"}],"about":[{"href":"https:\/\/www.fuldaernachrichten.de\/index.php?rest_route=\/wp\/v2\/types\/post"}],"author":[{"embeddable":true,"href":"https:\/\/www.fuldaernachrichten.de\/index.php?rest_route=\/wp\/v2\/users\/1"}],"replies":[{"embeddable":true,"href":"https:\/\/www.fuldaernachrichten.de\/index.php?rest_route=%2Fwp%2Fv2%2Fcomments&post=132203"}],"version-history":[{"count":1,"href":"https:\/\/www.fuldaernachrichten.de\/index.php?rest_route=\/wp\/v2\/posts\/132203\/revisions"}],"predecessor-version":[{"id":132204,"href":"https:\/\/www.fuldaernachrichten.de\/index.php?rest_route=\/wp\/v2\/posts\/132203\/revisions\/132204"}],"wp:attachment":[{"href":"https:\/\/www.fuldaernachrichten.de\/index.php?rest_route=%2Fwp%2Fv2%2Fmedia&parent=132203"}],"wp:term":[{"taxonomy":"category","embeddable":true,"href":"https:\/\/www.fuldaernachrichten.de\/index.php?rest_route=%2Fwp%2Fv2%2Fcategories&post=132203"},{"taxonomy":"post_tag","embeddable":true,"href":"https:\/\/www.fuldaernachrichten.de\/index.php?rest_route=%2Fwp%2Fv2%2Ftags&post=132203"}],"curies":[{"name":"wp","href":"https:\/\/api.w.org\/{rel}","templated":true}]}}