{"id":132200,"date":"2014-11-26T00:11:31","date_gmt":"2014-11-26T00:11:31","guid":{"rendered":"http:\/\/www.fuldaer-nachrichten.de\/?p=132200"},"modified":"2014-11-25T16:55:19","modified_gmt":"2014-11-25T16:55:19","slug":"familienbund-fordert-ende-der-kalten-progression","status":"publish","type":"post","link":"https:\/\/www.fuldaernachrichten.de\/?p=132200","title":{"rendered":"Familienbund fordert Ende der kalten Progression"},"content":{"rendered":"<p>Fulda. Der Familienbund der Katholiken unterst\u00fctzt den Vorsto\u00df der Mittelstands- und Wirtschaftsvereinigung der CDU\/CSU (MIT) und der Christlich-Demokratischen Arbeitnehmerschaft (CDA), die sogenannte kalte Progression zu beseitigen. \u201eDie kalte Progression ist ungerecht und trifft Familien mit kleinen und mittleren Einkommen besonders hart. Wir k\u00f6nnen nicht l\u00e4nger hinnehmen, dass Familien nach einem Lohnplus weniger Geld in der Haushaltskasse haben als vorher, \u201c sagte heute Hubert Schulte, der Landesvorsitzende des Familienbundes der Katholiken in Fulda. Er forderte die Bundesregierung auf, noch in dieser Legislaturperiode einen Gesetzentwurf zur Beseitigung der kalten Progression in den Deutschen Bundestag einzubringen.<!--more--><\/p>\n<p>Die versteckten Steuererh\u00f6hungen sollen dem Vorschlag des Familienbundes zufolge durch einen im Steuertarif integrierten Tarifindex, einen sogenannten \u201eTarif auf R\u00e4dern\u201c, beseitigt werden. Dabei wird der Einkommenssteuertarif j\u00e4hrlich entsprechend dem Durchschnitt der Lohnsteigerungen automatisch angepasst. Im gegenw\u00e4rtigen Steuersystem f\u00fchren aufgrund des progressiven Steuertarifs Lohnerh\u00f6hungen automatisch zu heimlichen Steuererh\u00f6hungen. Ein h\u00f6herer Steuersatz auf zus\u00e4tzliches Einkommen hat jedoch nur dann eine Berechtigung, wenn er mit einer h\u00f6heren Leistungsf\u00e4higkeit einhergeht, so der Familienbund. Diese besteht aber nicht, da es im Durchschnitt der vergangenen Jahre bei tariflichen Lohnsteigerungen keinen realen Lohnzuwachs gab, sondern nur einen Ausgleich f\u00fcr die sinkende Kaufkraft. Deshalb muss die \u201ekalte Progression\u201c schnellstm\u00f6glich beseitigt werden, so Schulte abschlie\u00dfend.<\/p>\n","protected":false},"excerpt":{"rendered":"<div class=\"tmnf_excerpt\"><p>Fulda. Der Familienbund der Katholiken unterst\u00fctzt den Vorsto\u00df der Mittelstands- und Wirtschaftsvereinigung der CDU\/CSU (MIT) und der Christlich-Demokratischen Arbeitnehmerschaft (CDA), die sogenannte kalte Progression zu beseitigen. \u201eDie kalte Progression ist ungerecht und trifft Familien mit kleinen und mittleren Einkommen besonders hart. Wir k\u00f6nnen nicht l\u00e4nger hinnehmen, dass Familien nach einem Lohnplus weniger Geld in der &hellip;<\/p>\n<\/div>","protected":false},"author":1,"featured_media":0,"comment_status":"closed","ping_status":"closed","sticky":false,"template":"","format":"standard","meta":{"footnotes":""},"categories":[1,72],"tags":[],"class_list":["post-132200","post","type-post","status-publish","format-standard","hentry","category-startseite","category-jugend"],"_links":{"self":[{"href":"https:\/\/www.fuldaernachrichten.de\/index.php?rest_route=\/wp\/v2\/posts\/132200","targetHints":{"allow":["GET"]}}],"collection":[{"href":"https:\/\/www.fuldaernachrichten.de\/index.php?rest_route=\/wp\/v2\/posts"}],"about":[{"href":"https:\/\/www.fuldaernachrichten.de\/index.php?rest_route=\/wp\/v2\/types\/post"}],"author":[{"embeddable":true,"href":"https:\/\/www.fuldaernachrichten.de\/index.php?rest_route=\/wp\/v2\/users\/1"}],"replies":[{"embeddable":true,"href":"https:\/\/www.fuldaernachrichten.de\/index.php?rest_route=%2Fwp%2Fv2%2Fcomments&post=132200"}],"version-history":[{"count":1,"href":"https:\/\/www.fuldaernachrichten.de\/index.php?rest_route=\/wp\/v2\/posts\/132200\/revisions"}],"predecessor-version":[{"id":132201,"href":"https:\/\/www.fuldaernachrichten.de\/index.php?rest_route=\/wp\/v2\/posts\/132200\/revisions\/132201"}],"wp:attachment":[{"href":"https:\/\/www.fuldaernachrichten.de\/index.php?rest_route=%2Fwp%2Fv2%2Fmedia&parent=132200"}],"wp:term":[{"taxonomy":"category","embeddable":true,"href":"https:\/\/www.fuldaernachrichten.de\/index.php?rest_route=%2Fwp%2Fv2%2Fcategories&post=132200"},{"taxonomy":"post_tag","embeddable":true,"href":"https:\/\/www.fuldaernachrichten.de\/index.php?rest_route=%2Fwp%2Fv2%2Ftags&post=132200"}],"curies":[{"name":"wp","href":"https:\/\/api.w.org\/{rel}","templated":true}]}}