{"id":132198,"date":"2014-11-26T00:10:45","date_gmt":"2014-11-26T00:10:45","guid":{"rendered":"http:\/\/www.fuldaer-nachrichten.de\/?p=132198"},"modified":"2014-11-25T16:54:11","modified_gmt":"2014-11-25T16:54:11","slug":"ehrenamtliche-mit-der-gebaerdensprache-vertraut-gemacht","status":"publish","type":"post","link":"https:\/\/www.fuldaernachrichten.de\/?p=132198","title":{"rendered":"Ehrenamtliche mit der Geb\u00e4rdensprache vertraut gemacht"},"content":{"rendered":"<p>Fulda. \u201eGeh\u00f6rlosigkeit trennt von den Menschen\u201c, weiss Diplom Sozialarbeiter Werner Althaus vom Caritas \u2013 Sozialdienst f\u00fcr Geh\u00f6rlose und Geb\u00e4rdendolmetscher beim Caritasverband f\u00fcr die Regionen Fulda und Geisa e.V. Bei einer Fortbildungsveranstaltung f\u00fcr Ehrenamtliche sensibilisierte er die Teilnehmerinnen und Teilnehmer f\u00fcr die besondere Art der Kommunikation zwischen H\u00f6renden und Geh\u00f6rlosen und f\u00fchrte in die Geb\u00e4rdensprache ein. Eingeladen hatten Claudia Kiefer, Caritas &#8211; Wohnungslosenhilfe und Monika Niestroj, \u00d6kumenische Bahnhofsmission Fulda. <!--more--><\/p>\n<p>In seinem Referat verdeutlichte Werner Althaus, dass f\u00fcr das Sprechen in Geb\u00e4rden wichtig sei, sich ins \u201erechte Licht zu setzen\u201c und alles den Mundraum st\u00f6rende zu vermeiden, damit der geh\u00f6rlose Mensch gut von den Lippen ablesen k\u00f6nne. Weiter seien bei der Kommunikation zu beachten, zu Beginn das Thema zu benennen, langsam und deutlich zu sprechen und kurze S\u00e4tze zu bilden. Im Anschluss hatten die Ehrenamtlichen aus der Tagesst\u00e4tte f\u00fcr Wohnungslose \u201eCaf\u00e9 Jakobsbrunnen\u201c, der \u00d6kumenischen Bahnhofsmission Fulda, der Hausaufgabenhilfe sowie schulische Hilfen die Gelegenheit erste Geb\u00e4rden zu erlernen und das Fingeralphabet auszuprobieren. Am Ende der Fortbildungsveranstaltung konnten sie sich gegenseitig geb\u00e4rdend die Frage stellen \u201eWie hei\u00dft du?\u201c und diese mit dem Namen mittels Fingeralphabet beantworten.<\/p>\n<p>Die Caritas &#8211; Fachstelle f\u00fcr Geh\u00f6rlose kann f\u00fcr Geb\u00e4rdenkurs angefragt werden und bietet Grund- und Aufbaukurse regelm\u00e4\u00dfig in ihrem Fortbildungsprogramm an. Informationen sind zu erhalten bei: Werner Althaus, 0661\/ 2428 \u2013 330; <a href=\"mailto:werner.althaus@caritas-fulda.de\">werner.althaus@caritas-fulda.de<\/a> sowie im Internet <a href=\"http:\/\/www.rcvfulda.caritas.de\">www.rcvfulda.caritas.de<\/a>.<\/p>\n","protected":false},"excerpt":{"rendered":"<div class=\"tmnf_excerpt\"><p>Fulda. \u201eGeh\u00f6rlosigkeit trennt von den Menschen\u201c, weiss Diplom Sozialarbeiter Werner Althaus vom Caritas \u2013 Sozialdienst f\u00fcr Geh\u00f6rlose und Geb\u00e4rdendolmetscher beim Caritasverband f\u00fcr die Regionen Fulda und Geisa e.V. Bei einer Fortbildungsveranstaltung f\u00fcr Ehrenamtliche sensibilisierte er die Teilnehmerinnen und Teilnehmer f\u00fcr die besondere Art der Kommunikation zwischen H\u00f6renden und Geh\u00f6rlosen und f\u00fchrte in die Geb\u00e4rdensprache ein. &hellip;<\/p>\n<\/div>","protected":false},"author":1,"featured_media":0,"comment_status":"closed","ping_status":"closed","sticky":false,"template":"","format":"standard","meta":{"footnotes":""},"categories":[1,51],"tags":[],"class_list":["post-132198","post","type-post","status-publish","format-standard","hentry","category-startseite","category-medizin"],"_links":{"self":[{"href":"https:\/\/www.fuldaernachrichten.de\/index.php?rest_route=\/wp\/v2\/posts\/132198","targetHints":{"allow":["GET"]}}],"collection":[{"href":"https:\/\/www.fuldaernachrichten.de\/index.php?rest_route=\/wp\/v2\/posts"}],"about":[{"href":"https:\/\/www.fuldaernachrichten.de\/index.php?rest_route=\/wp\/v2\/types\/post"}],"author":[{"embeddable":true,"href":"https:\/\/www.fuldaernachrichten.de\/index.php?rest_route=\/wp\/v2\/users\/1"}],"replies":[{"embeddable":true,"href":"https:\/\/www.fuldaernachrichten.de\/index.php?rest_route=%2Fwp%2Fv2%2Fcomments&post=132198"}],"version-history":[{"count":1,"href":"https:\/\/www.fuldaernachrichten.de\/index.php?rest_route=\/wp\/v2\/posts\/132198\/revisions"}],"predecessor-version":[{"id":132199,"href":"https:\/\/www.fuldaernachrichten.de\/index.php?rest_route=\/wp\/v2\/posts\/132198\/revisions\/132199"}],"wp:attachment":[{"href":"https:\/\/www.fuldaernachrichten.de\/index.php?rest_route=%2Fwp%2Fv2%2Fmedia&parent=132198"}],"wp:term":[{"taxonomy":"category","embeddable":true,"href":"https:\/\/www.fuldaernachrichten.de\/index.php?rest_route=%2Fwp%2Fv2%2Fcategories&post=132198"},{"taxonomy":"post_tag","embeddable":true,"href":"https:\/\/www.fuldaernachrichten.de\/index.php?rest_route=%2Fwp%2Fv2%2Ftags&post=132198"}],"curies":[{"name":"wp","href":"https:\/\/api.w.org\/{rel}","templated":true}]}}