{"id":132188,"date":"2014-11-25T00:17:40","date_gmt":"2014-11-25T00:17:40","guid":{"rendered":"http:\/\/www.fuldaer-nachrichten.de\/?p=132188"},"modified":"2014-11-24T12:27:22","modified_gmt":"2014-11-24T12:27:22","slug":"adventsmusik-bei-kerzenschein-am-1-advent","status":"publish","type":"post","link":"https:\/\/www.fuldaernachrichten.de\/?p=132188","title":{"rendered":"Adventsmusik bei Kerzenschein am 1. Advent"},"content":{"rendered":"<p><a href=\"http:\/\/www.fuldaer-nachrichten.de\/wp-content\/uploads\/2014\/11\/Adventsmusik.jpg\"><img fetchpriority=\"high\" decoding=\"async\" class=\"alignleft size-thumbnail wp-image-132189\" src=\"http:\/\/www.fuldaer-nachrichten.de\/wp-content\/uploads\/2014\/11\/Adventsmusik-265x353.jpg\" alt=\"Adventsmusik\" width=\"265\" height=\"353\" srcset=\"https:\/\/www.fuldaernachrichten.de\/wp-content\/uploads\/2014\/11\/Adventsmusik-265x353.jpg 265w, https:\/\/www.fuldaernachrichten.de\/wp-content\/uploads\/2014\/11\/Adventsmusik-198x265.jpg 198w, https:\/\/www.fuldaernachrichten.de\/wp-content\/uploads\/2014\/11\/Adventsmusik-450x600.jpg 450w, https:\/\/www.fuldaernachrichten.de\/wp-content\/uploads\/2014\/11\/Adventsmusik.jpg 600w\" sizes=\"(max-width: 265px) 100vw, 265px\" \/><\/a>Tann. \u201eMacht hoch die T\u00fcr!\u201c \u2013 Auch in diesem Jahr \u00f6ffnen sich an jedem Adventssonntag um 18 Uhr die T\u00fcren der Tanner Stadtkirche zu den \u201eAdventsmusiken bei Kerzenschein\u201c: Ch\u00f6re, Musiker und Rezitatoren machen sich im einmaligen Ambiente der von hunderten Kerzen erleuchteten Stadtkirche auf den Weg Richtung Weihnachten: Am ersten Advent (30. November, 18 Uhr) f\u00fchrt ein Gemeinschaftschor aus Kinderchor \u201eTanner Goldkehlchen\u201c, Jugend- und Frauenchor \u201eMagic Voices\u201c, Projektchor Lahrbach und MGV C\u00e4cilia Simmershausen unter der Leitung von Reinhard Geilhof, Simone Orf und Nicola Schwab) Klaus Heizmanns Adventskantate \u201eGelobt sei, der da kommt\u201c auf. Pfarrer Kai Kleina liest adventlich besinnliche Texte. Der Eintritt ist frei. Eine Kollekte am Ausgang dient der musikalischen Arbeit der Ch\u00f6re.<!--more--><\/p>\n<p>Weitere Adventsmusiken:<\/p>\n<ul>\n<li><strong> Advent (7. Dezember 2014):<\/strong> Schulchor \u201eVoice Garden\u201c der Wigbertschule H\u00fcnfeld (Leitung: StR Thomas N\u00fcdling) und Pfarrerin Jana Koch-Zei\u00dfig<\/li>\n<\/ul>\n<ul>\n<li><strong> Advent (14. Dezember 2014):<\/strong> Kinderchor \u201eTanner Goldkehlchen\u201c (Leitung: Nicola Schwab) und Lektorin Sabine Ocklitz<\/li>\n<\/ul>\n<ul>\n<li><strong> Advent (21. Dezember 2014):<\/strong> Die Kirchench\u00f6re Tann und Hilders mit Instrumentalisten und Vokalisten musizieren Thomas N\u00fcdlings Weihnachtsoratorium \u201eGloria in excelsis Deo\u201c. Gemeindereferentin Eva-Maria Baumgarten beleuchtet die Musik mit Textbeitr\u00e4gen.<\/li>\n<\/ul>\n","protected":false},"excerpt":{"rendered":"<div class=\"tmnf_excerpt\"><p>Tann. \u201eMacht hoch die T\u00fcr!\u201c \u2013 Auch in diesem Jahr \u00f6ffnen sich an jedem Adventssonntag um 18 Uhr die T\u00fcren der Tanner Stadtkirche zu den \u201eAdventsmusiken bei Kerzenschein\u201c: Ch\u00f6re, Musiker und Rezitatoren machen sich im einmaligen Ambiente der von hunderten Kerzen erleuchteten Stadtkirche auf den Weg Richtung Weihnachten: Am ersten Advent (30. November, 18 Uhr) &hellip;<\/p>\n<\/div>","protected":false},"author":1,"featured_media":0,"comment_status":"closed","ping_status":"closed","sticky":false,"template":"","format":"standard","meta":{"footnotes":""},"categories":[1,44],"tags":[],"class_list":["post-132188","post","type-post","status-publish","format-standard","hentry","category-startseite","category-kultur"],"_links":{"self":[{"href":"https:\/\/www.fuldaernachrichten.de\/index.php?rest_route=\/wp\/v2\/posts\/132188","targetHints":{"allow":["GET"]}}],"collection":[{"href":"https:\/\/www.fuldaernachrichten.de\/index.php?rest_route=\/wp\/v2\/posts"}],"about":[{"href":"https:\/\/www.fuldaernachrichten.de\/index.php?rest_route=\/wp\/v2\/types\/post"}],"author":[{"embeddable":true,"href":"https:\/\/www.fuldaernachrichten.de\/index.php?rest_route=\/wp\/v2\/users\/1"}],"replies":[{"embeddable":true,"href":"https:\/\/www.fuldaernachrichten.de\/index.php?rest_route=%2Fwp%2Fv2%2Fcomments&post=132188"}],"version-history":[{"count":1,"href":"https:\/\/www.fuldaernachrichten.de\/index.php?rest_route=\/wp\/v2\/posts\/132188\/revisions"}],"predecessor-version":[{"id":132190,"href":"https:\/\/www.fuldaernachrichten.de\/index.php?rest_route=\/wp\/v2\/posts\/132188\/revisions\/132190"}],"wp:attachment":[{"href":"https:\/\/www.fuldaernachrichten.de\/index.php?rest_route=%2Fwp%2Fv2%2Fmedia&parent=132188"}],"wp:term":[{"taxonomy":"category","embeddable":true,"href":"https:\/\/www.fuldaernachrichten.de\/index.php?rest_route=%2Fwp%2Fv2%2Fcategories&post=132188"},{"taxonomy":"post_tag","embeddable":true,"href":"https:\/\/www.fuldaernachrichten.de\/index.php?rest_route=%2Fwp%2Fv2%2Ftags&post=132188"}],"curies":[{"name":"wp","href":"https:\/\/api.w.org\/{rel}","templated":true}]}}