{"id":132185,"date":"2014-11-25T00:14:33","date_gmt":"2014-11-25T00:14:33","guid":{"rendered":"http:\/\/www.fuldaer-nachrichten.de\/?p=132185"},"modified":"2014-11-24T12:25:30","modified_gmt":"2014-11-24T12:25:30","slug":"festakt-zur-erfolgreichen-evaluierung-und-erweiterung-des-unesco-biosphaerenreservats-rhoen","status":"publish","type":"post","link":"https:\/\/www.fuldaernachrichten.de\/?p=132185","title":{"rendered":"Festakt zur erfolgreichen Evaluierung und Erweiterung des UNESCO-Biosph\u00e4renreservats Rh\u00f6n"},"content":{"rendered":"<p><a href=\"http:\/\/www.fuldaer-nachrichten.de\/wp-content\/uploads\/2014\/11\/Festakt-Urkunden-Gruppe.jpg\"><img decoding=\"async\" class=\"alignleft size-thumbnail wp-image-132186\" src=\"http:\/\/www.fuldaer-nachrichten.de\/wp-content\/uploads\/2014\/11\/Festakt-Urkunden-Gruppe-265x185.jpg\" alt=\"Festakt Urkunden-Gruppe\" width=\"265\" height=\"185\" srcset=\"https:\/\/www.fuldaernachrichten.de\/wp-content\/uploads\/2014\/11\/Festakt-Urkunden-Gruppe-265x185.jpg 265w, https:\/\/www.fuldaernachrichten.de\/wp-content\/uploads\/2014\/11\/Festakt-Urkunden-Gruppe.jpg 600w\" sizes=\"(max-width: 265px) 100vw, 265px\" \/><\/a>Bad Kissingen. Es war ein Highlight der Regionalgeschichte: Unter gro\u00dfem Beifall wurden am 20. November 2014 im stilvollen Arkadenbau des Kurhauses Bad Kissingen (Rossini-Saal) die Urkunden zur erfolgreichen Evaluierung sowie zur Erweiterung des UNESCO-Biosph\u00e4renreservats \u00fcberreicht. Zahlreiche Mandatstr\u00e4ger und Ehreng\u00e4ste aus Bayern, Hessen und Th\u00fcringen nahmen an dem Festakt teil. Die mehrst\u00fcndige Veranstaltung vermittelte ein deutliches Signal des Aufbruchs. 1991 wurde die Rh\u00f6n im Rahmen des internationalen Programms Man and the Biosphere (MAB) zum UNESCO-Biosph\u00e4renreservat ernannt. Dieses Pr\u00e4dikat gilt nicht automatisch f\u00fcr die Ewigkeit. Alle zehn Jahre muss sich das Biosph\u00e4renreservat einer Evaluierung unterziehen. 2013 stand die zweite Evaluierung des Biosph\u00e4renreservats Rh\u00f6n an, die nach strenger Pr\u00fcfung im Juni 2014 vom Internationalen Koordinierungsrat der UNESCO f\u00fcr das MAB-Programm zustimmend zur Kenntnis genommen wurde.<!--more--><\/p>\n<p>Zeitgleich stimmte das Gremium einer erheblichen Erweiterung des UNESCO-Biosph\u00e4renreservats Rh\u00f6n auf bayerischer Seite zu. Damit hat sich die Fl\u00e4che in Unterfranken nahezu verdoppelt. Heute umfasst das Biosph\u00e4renreservat insgesamt 243.323 Hektar, darunter beachtliche 3.900 Hektar Kernzonen.<\/p>\n<p><strong>\u201eDie Welt schaut auf die Rh\u00f6n\u201c<\/strong><\/p>\n<p>Mehrere hochrangige Festredner w\u00fcrdigten die Bedeutung dieses doppelten Erfolges. So stellten die Vorsitzende des MAB-Nationalkomitees, Dr. Christiane Paulus, sowie der UNESCO Division Director Han Qunli, oberster Koordinator aller 631 Biosph\u00e4renreservate in 119 L\u00e4ndern der Welt, den besonderen Stellenwert der Rh\u00f6n im weltweiten Netzwerk des MAB-Programms heraus. Die Rh\u00f6n sei ein Modellfall erfolgreichen Zusammenspiels von Mensch und Natur, \u00d6konomie und \u00d6kologie.<\/p>\n<p>Auch aus den Worten der bayerischen Umweltministerin Ulrike Scharf, der Landr\u00e4te Bold (Lkr. Bad Kissingen) und Habermann (Lkr. Rh\u00f6n-Grabfeld) klang Stolz auf die Einzigartigkeit der Rh\u00f6n. Man habe gemeinsam bereits viel erreicht, aber auch noch viele Ziele f\u00fcr die Zukunft.<\/p>\n<p>Eine zentrale Aufgabe der n\u00e4chsten Jahre wird die Erstellung eines neuen Rahmenkonzeptes f\u00fcr das erweiterte UNESCO-Biosph\u00e4renreservat Rh\u00f6n sein. Es soll bis 2017 entwickelt werden und dann die Weichen f\u00fcr mindestens ein weiteres Jahrzehnt stellen. Die Leiter der Verwaltungsstellen der drei Rh\u00f6n-Bundesl\u00e4nder Michael Geier (Bayern), Torsten Raab (Hessen) und Karl-Friedrich Abe (Th\u00fcringen) erl\u00e4uterten die geplante Vorgehensweise und riefen interessierte B\u00fcrger auf, sich in den verschiedenen Arbeitsgruppen einzubringen. Die \u201egute Benotung durch die UNESCO\u201c sei eine Best\u00e4tigung, aber auch ein Ansporn, die Rh\u00f6n langfristig \u201elebenswert und lebensf\u00e4hig\u201c zu machen.<\/p>\n","protected":false},"excerpt":{"rendered":"<div class=\"tmnf_excerpt\"><p>Bad Kissingen. Es war ein Highlight der Regionalgeschichte: Unter gro\u00dfem Beifall wurden am 20. November 2014 im stilvollen Arkadenbau des Kurhauses Bad Kissingen (Rossini-Saal) die Urkunden zur erfolgreichen Evaluierung sowie zur Erweiterung des UNESCO-Biosph\u00e4renreservats \u00fcberreicht. Zahlreiche Mandatstr\u00e4ger und Ehreng\u00e4ste aus Bayern, Hessen und Th\u00fcringen nahmen an dem Festakt teil. Die mehrst\u00fcndige Veranstaltung vermittelte ein deutliches &hellip;<\/p>\n<\/div>","protected":false},"author":1,"featured_media":0,"comment_status":"closed","ping_status":"closed","sticky":false,"template":"","format":"standard","meta":{"footnotes":""},"categories":[1],"tags":[],"class_list":["post-132185","post","type-post","status-publish","format-standard","hentry","category-startseite"],"_links":{"self":[{"href":"https:\/\/www.fuldaernachrichten.de\/index.php?rest_route=\/wp\/v2\/posts\/132185","targetHints":{"allow":["GET"]}}],"collection":[{"href":"https:\/\/www.fuldaernachrichten.de\/index.php?rest_route=\/wp\/v2\/posts"}],"about":[{"href":"https:\/\/www.fuldaernachrichten.de\/index.php?rest_route=\/wp\/v2\/types\/post"}],"author":[{"embeddable":true,"href":"https:\/\/www.fuldaernachrichten.de\/index.php?rest_route=\/wp\/v2\/users\/1"}],"replies":[{"embeddable":true,"href":"https:\/\/www.fuldaernachrichten.de\/index.php?rest_route=%2Fwp%2Fv2%2Fcomments&post=132185"}],"version-history":[{"count":1,"href":"https:\/\/www.fuldaernachrichten.de\/index.php?rest_route=\/wp\/v2\/posts\/132185\/revisions"}],"predecessor-version":[{"id":132187,"href":"https:\/\/www.fuldaernachrichten.de\/index.php?rest_route=\/wp\/v2\/posts\/132185\/revisions\/132187"}],"wp:attachment":[{"href":"https:\/\/www.fuldaernachrichten.de\/index.php?rest_route=%2Fwp%2Fv2%2Fmedia&parent=132185"}],"wp:term":[{"taxonomy":"category","embeddable":true,"href":"https:\/\/www.fuldaernachrichten.de\/index.php?rest_route=%2Fwp%2Fv2%2Fcategories&post=132185"},{"taxonomy":"post_tag","embeddable":true,"href":"https:\/\/www.fuldaernachrichten.de\/index.php?rest_route=%2Fwp%2Fv2%2Ftags&post=132185"}],"curies":[{"name":"wp","href":"https:\/\/api.w.org\/{rel}","templated":true}]}}