{"id":132173,"date":"2014-11-25T00:14:09","date_gmt":"2014-11-25T00:14:09","guid":{"rendered":"http:\/\/www.fuldaer-nachrichten.de\/?p=132173"},"modified":"2014-11-24T12:11:50","modified_gmt":"2014-11-24T12:11:50","slug":"spitzengespraech-von-katholikenratsvorstand-und-priesterratssprecher-im-gespraech-mit-dechanten-und-bistumsleitung","status":"publish","type":"post","link":"https:\/\/www.fuldaernachrichten.de\/?p=132173","title":{"rendered":"Spitzengespr\u00e4ch von Katholikenratsvorstand und Priesterratssprecher im Gespr\u00e4ch mit Dechanten und Bistumsleitung"},"content":{"rendered":"<div id=\"attachment_132174\" style=\"width: 275px\" class=\"wp-caption alignleft\"><a href=\"http:\/\/www.fuldaer-nachrichten.de\/wp-content\/uploads\/2014\/11\/vopbg20141112.jpg\"><img decoding=\"async\" aria-describedby=\"caption-attachment-132174\" class=\"size-thumbnail wp-image-132174\" src=\"http:\/\/www.fuldaer-nachrichten.de\/wp-content\/uploads\/2014\/11\/vopbg20141112-265x163.jpg\" alt=\"v.l.n.r.: Generalvikar G. Stanke, Ch. Heigel, St. Flicker, C. Noll,  Seelsorgeamtsleiter P. G\u00f6b, M. Stru\u00df, Th. Ebert, J. Kremer, E. Sch\u00fctz,  Personalreferent Ch. Steinert \" width=\"265\" height=\"163\" srcset=\"https:\/\/www.fuldaernachrichten.de\/wp-content\/uploads\/2014\/11\/vopbg20141112-265x163.jpg 265w, https:\/\/www.fuldaernachrichten.de\/wp-content\/uploads\/2014\/11\/vopbg20141112.jpg 600w\" sizes=\"(max-width: 265px) 100vw, 265px\" \/><\/a><p id=\"caption-attachment-132174\" class=\"wp-caption-text\">v.l.n.r.: Generalvikar G. Stanke, Ch. Heigel, St. Flicker, C. Noll,<br \/>Seelsorgeamtsleiter P. G\u00f6b, M. Stru\u00df, Th. Ebert, J. Kremer, E. Sch\u00fctz,<br \/>Personalreferent Ch. Steinert<\/p><\/div>\n<p>Fulda, Geisa, Hanau, Kassel, Marburg (mz) Die Pfarrgemeinderatswahlen 2015 und die \u201eBeauftragung von Laien als Tr\u00e4ger der Pastoral\u201c waren Themen einer gemeinsamen Konferenz von Katholikenratsvorstand, Priesterratssprechern, Vertretern der Dechantenkonferenz und Mitgliedern der Bistumsleitung in Fulda. Das Gespr\u00e4ch findet zweimal j\u00e4hrlich statt. F\u00fcr die am 7. und 8. November 2015 stattfindenden Pfarrgemeinderatswahlen im Bistum Fulda laufen die Vorbereitungen. \u201eZiel des Katholikenrates ist es, die Wahlbeteiligung zu st\u00e4rken. Wir haben dazu dem Bistum den Vorschlag gemacht, allen wahlberechtigten Katholiken eine Wahlbenachrichtigung zuzustellen. Wir erhoffen uns davon eine st\u00e4rkere Bekanntheit der Wahl und Motivation der W\u00e4hler. Wir werden au\u00dferdem am 21. Februar 2015 einen Tag der Pfarrgemeinder\u00e4te anbieten, zu dem Interessierte f\u00fcr eine Kandidatur zur Pfarrgemeinderatswahl eingeladen werden sollen\u201c, so der Katholikenratsvorsitzende Steffen Flicker (Fulda).<!--more--><\/p>\n<p>Weiteres Thema des Gespr\u00e4ches war die Frage, wie Kirche in Zukunft vor Ort pr\u00e4sent bleibt, obwohl Pfarreien durch Zusammenlegungen gr\u00f6\u00dfer werden. Zu diesem Thema planen Priesterrat und Katholikenrat einen gemeinsamen Tag, der Formen und Strukturen der Mitverantwortung im Bistum konkret werden lassen soll. Schon auf der Fr\u00fchjahrs-Vollversammlung des Katholikenrates wird Generalvikar Prof. Dr. Gerhard Stanke zur \u00e2\u20ac\u0161Beauftragung von Laien als Tr\u00e4ger der Pastoral\u00e2\u20ac\u02dc sprechen.<\/p>\n<p>Der Katholikenratsvorsitzende k\u00fcndigte an, dass im kommenden Jahr ein Newsletter \u201eAus gutem Grund berufen\u201c an das 50. Jubil\u00e4um des Laiendekrets des II. Vatikanischen Konzils erinnern soll. \u201eDas Apostolat der Laien wird im kommenden Jahr Schwerpunkt der Katholikenratsarbeit sein\u201c, so Flicker.<\/p>\n<p>Weitere Themen des Gespr\u00e4ches waren die Weiterarbeit an den Grunds\u00e4tzen f\u00fcr die Ausrichtung der Pastoral im Bistum und Formulierung von strategischen Ziele f\u00fcr das Bistum, die derzeit erarbeitet werden. Hier hat die Bistumsleitung eine sogenannte Resonanzgruppe gegr\u00fcndet, in der auch Vertreter des Katholikenrates mitarbeiten.<\/p>\n<p>\u201eDie gute Atmosph\u00e4re im Gespr\u00e4ch mit den Vertretern der Bistumsleitung, den Sprechern des Priesterrates und den Vertretern der Dechantenkonferenz ist Ausdruck der guten Zusammenarbeit zwischen den unterschiedlichen Gremien\u201c, so Steffen Flicker abschlie\u00dfend. Generalvikar Prof. Gerhard Stanke und Domkapitular Christof Steinert lobten die Initiativen des Katholikenrates und dankten f\u00fcr die gute Zusammenarbeit.<\/p>\n","protected":false},"excerpt":{"rendered":"<div class=\"tmnf_excerpt\"><p>Fulda, Geisa, Hanau, Kassel, Marburg (mz) Die Pfarrgemeinderatswahlen 2015 und die \u201eBeauftragung von Laien als Tr\u00e4ger der Pastoral\u201c waren Themen einer gemeinsamen Konferenz von Katholikenratsvorstand, Priesterratssprechern, Vertretern der Dechantenkonferenz und Mitgliedern der Bistumsleitung in Fulda. Das Gespr\u00e4ch findet zweimal j\u00e4hrlich statt. F\u00fcr die am 7. und 8. November 2015 stattfindenden Pfarrgemeinderatswahlen im Bistum Fulda laufen &hellip;<\/p>\n<\/div>","protected":false},"author":1,"featured_media":0,"comment_status":"closed","ping_status":"closed","sticky":false,"template":"","format":"standard","meta":{"footnotes":""},"categories":[1,50],"tags":[],"class_list":["post-132173","post","type-post","status-publish","format-standard","hentry","category-startseite","category-kirche"],"_links":{"self":[{"href":"https:\/\/www.fuldaernachrichten.de\/index.php?rest_route=\/wp\/v2\/posts\/132173","targetHints":{"allow":["GET"]}}],"collection":[{"href":"https:\/\/www.fuldaernachrichten.de\/index.php?rest_route=\/wp\/v2\/posts"}],"about":[{"href":"https:\/\/www.fuldaernachrichten.de\/index.php?rest_route=\/wp\/v2\/types\/post"}],"author":[{"embeddable":true,"href":"https:\/\/www.fuldaernachrichten.de\/index.php?rest_route=\/wp\/v2\/users\/1"}],"replies":[{"embeddable":true,"href":"https:\/\/www.fuldaernachrichten.de\/index.php?rest_route=%2Fwp%2Fv2%2Fcomments&post=132173"}],"version-history":[{"count":1,"href":"https:\/\/www.fuldaernachrichten.de\/index.php?rest_route=\/wp\/v2\/posts\/132173\/revisions"}],"predecessor-version":[{"id":132175,"href":"https:\/\/www.fuldaernachrichten.de\/index.php?rest_route=\/wp\/v2\/posts\/132173\/revisions\/132175"}],"wp:attachment":[{"href":"https:\/\/www.fuldaernachrichten.de\/index.php?rest_route=%2Fwp%2Fv2%2Fmedia&parent=132173"}],"wp:term":[{"taxonomy":"category","embeddable":true,"href":"https:\/\/www.fuldaernachrichten.de\/index.php?rest_route=%2Fwp%2Fv2%2Fcategories&post=132173"},{"taxonomy":"post_tag","embeddable":true,"href":"https:\/\/www.fuldaernachrichten.de\/index.php?rest_route=%2Fwp%2Fv2%2Ftags&post=132173"}],"curies":[{"name":"wp","href":"https:\/\/api.w.org\/{rel}","templated":true}]}}