{"id":132160,"date":"2014-11-25T00:12:29","date_gmt":"2014-11-25T00:12:29","guid":{"rendered":"http:\/\/www.fuldaer-nachrichten.de\/?p=132160"},"modified":"2014-11-24T12:01:48","modified_gmt":"2014-11-24T12:01:48","slug":"erfolgreiche-ausstellungseroeffnung-mit-werken-von-andrea-silvennoinen-im-bonifatiushaus-fulda","status":"publish","type":"post","link":"https:\/\/www.fuldaernachrichten.de\/?p=132160","title":{"rendered":"Erfolgreiche Ausstellungser\u00f6ffnung mit Werken von Andrea Silvennoinen im Bonifatiushaus Fulda"},"content":{"rendered":"<p><a href=\"http:\/\/www.fuldaer-nachrichten.de\/wp-content\/uploads\/2014\/11\/P1020667.jpg\"><img fetchpriority=\"high\" decoding=\"async\" class=\"alignleft size-thumbnail wp-image-132162\" src=\"http:\/\/www.fuldaer-nachrichten.de\/wp-content\/uploads\/2014\/11\/P1020667-265x198.jpg\" alt=\"P1020667\" width=\"265\" height=\"198\" srcset=\"https:\/\/www.fuldaernachrichten.de\/wp-content\/uploads\/2014\/11\/P1020667-265x198.jpg 265w, https:\/\/www.fuldaernachrichten.de\/wp-content\/uploads\/2014\/11\/P1020667.jpg 600w\" sizes=\"(max-width: 265px) 100vw, 265px\" \/><\/a>Fulda. Die Jubil\u00e4umsausstellung von Andrea Silvennoinen wurde am 20. November im Rahmen eines Akademieabends er\u00f6ffnet. Diese &#8220;10. Ausstellung&#8221; beinhaltet 63 Bilder zum Thema &#8220;Franziskus und&#8230;&#8221;. Silvia Hillenbrand als Laudatorin beleuchtete in ihrer Er\u00f6ffnungsrede nicht nur die langj\u00e4hrige Freundschaft der beiden Frauen, sondern auch die Entstehungsgeschichte einiger Ausstellungswerke. Musikalisch umrahmt wurde die Feier durch passend ausgew\u00e4hlte Lieder, gesungen und mit Gitarre begleitet von Sina Jest\u00e4dt aus Bimbach. Die Ausstellungser\u00f6ffnung im Bonifatiushaus kann als gelungen bezeichnet werden, vor allem wegen der wunderbaren Werke der K\u00fcnstlerin. Ein Ausstellungsbesuch im Bonifatiushaus ist werktags zwischen 09.00 und 18.00 Uhr bis 08. M\u00e4rz 2015 m\u00f6glich. Der Eintritt ist frei.<\/p>\n","protected":false},"excerpt":{"rendered":"<div class=\"tmnf_excerpt\"><p>Fulda. Die Jubil\u00e4umsausstellung von Andrea Silvennoinen wurde am 20. November im Rahmen eines Akademieabends er\u00f6ffnet. Diese &#8220;10. Ausstellung&#8221; beinhaltet 63 Bilder zum Thema &#8220;Franziskus und&#8230;&#8221;. Silvia Hillenbrand als Laudatorin beleuchtete in ihrer Er\u00f6ffnungsrede nicht nur die langj\u00e4hrige Freundschaft der beiden Frauen, sondern auch die Entstehungsgeschichte einiger Ausstellungswerke. Musikalisch umrahmt wurde die Feier durch passend ausgew\u00e4hlte &hellip;<\/p>\n<\/div>","protected":false},"author":1,"featured_media":0,"comment_status":"closed","ping_status":"closed","sticky":false,"template":"","format":"standard","meta":{"footnotes":""},"categories":[1,44],"tags":[],"class_list":["post-132160","post","type-post","status-publish","format-standard","hentry","category-startseite","category-kultur"],"_links":{"self":[{"href":"https:\/\/www.fuldaernachrichten.de\/index.php?rest_route=\/wp\/v2\/posts\/132160","targetHints":{"allow":["GET"]}}],"collection":[{"href":"https:\/\/www.fuldaernachrichten.de\/index.php?rest_route=\/wp\/v2\/posts"}],"about":[{"href":"https:\/\/www.fuldaernachrichten.de\/index.php?rest_route=\/wp\/v2\/types\/post"}],"author":[{"embeddable":true,"href":"https:\/\/www.fuldaernachrichten.de\/index.php?rest_route=\/wp\/v2\/users\/1"}],"replies":[{"embeddable":true,"href":"https:\/\/www.fuldaernachrichten.de\/index.php?rest_route=%2Fwp%2Fv2%2Fcomments&post=132160"}],"version-history":[{"count":1,"href":"https:\/\/www.fuldaernachrichten.de\/index.php?rest_route=\/wp\/v2\/posts\/132160\/revisions"}],"predecessor-version":[{"id":132163,"href":"https:\/\/www.fuldaernachrichten.de\/index.php?rest_route=\/wp\/v2\/posts\/132160\/revisions\/132163"}],"wp:attachment":[{"href":"https:\/\/www.fuldaernachrichten.de\/index.php?rest_route=%2Fwp%2Fv2%2Fmedia&parent=132160"}],"wp:term":[{"taxonomy":"category","embeddable":true,"href":"https:\/\/www.fuldaernachrichten.de\/index.php?rest_route=%2Fwp%2Fv2%2Fcategories&post=132160"},{"taxonomy":"post_tag","embeddable":true,"href":"https:\/\/www.fuldaernachrichten.de\/index.php?rest_route=%2Fwp%2Fv2%2Ftags&post=132160"}],"curies":[{"name":"wp","href":"https:\/\/api.w.org\/{rel}","templated":true}]}}