{"id":132149,"date":"2014-11-25T00:11:40","date_gmt":"2014-11-25T00:11:40","guid":{"rendered":"http:\/\/www.fuldaer-nachrichten.de\/?p=132149"},"modified":"2014-11-24T11:53:10","modified_gmt":"2014-11-24T11:53:10","slug":"informationsveranstaltung-zur-geplanten-gleichstromtrasse","status":"publish","type":"post","link":"https:\/\/www.fuldaernachrichten.de\/?p=132149","title":{"rendered":"Informationsveranstaltung zur geplanten Gleichstromtrasse"},"content":{"rendered":"<p>Fulda. Die Ortsvorsteherinnen und Ortsvorsteher der Fuldaer Stadtteile Lehnerz, Niesig, Dietershan und Bernhards sowie der Ortsvorsteher des\u00c2\u00a0 Petersberger Ortsteils G\u00f6tzenhof laden zu einer Informationsveranstaltung \u00fcber die geplante Gleichstromtrasse \u201eSuedLink\u201c ein. Diese findet am Donnerstag, 27.November 2014, um 19.30 Uhr, im Saal der Grillenburg in Fulda-Lehnerz statt. Die einladende Ortsvorsteherin Doreen J\u00fcnemann wird \u00fcber den aktuellen Stand berichten. Die Ortsvorsteher und Ortsbeir\u00e4te werden anwesend sein.<\/p>\n","protected":false},"excerpt":{"rendered":"<div class=\"tmnf_excerpt\"><p>Fulda. Die Ortsvorsteherinnen und Ortsvorsteher der Fuldaer Stadtteile Lehnerz, Niesig, Dietershan und Bernhards sowie der Ortsvorsteher des\u00c2\u00a0 Petersberger Ortsteils G\u00f6tzenhof laden zu einer Informationsveranstaltung \u00fcber die geplante Gleichstromtrasse \u201eSuedLink\u201c ein. Diese findet am Donnerstag, 27.November 2014, um 19.30 Uhr, im Saal der Grillenburg in Fulda-Lehnerz statt. Die einladende Ortsvorsteherin Doreen J\u00fcnemann wird \u00fcber den aktuellen &hellip;<\/p>\n<\/div>","protected":false},"author":1,"featured_media":0,"comment_status":"closed","ping_status":"closed","sticky":false,"template":"","format":"standard","meta":{"footnotes":""},"categories":[1,35],"tags":[],"class_list":["post-132149","post","type-post","status-publish","format-standard","hentry","category-startseite","category-auto"],"_links":{"self":[{"href":"https:\/\/www.fuldaernachrichten.de\/index.php?rest_route=\/wp\/v2\/posts\/132149","targetHints":{"allow":["GET"]}}],"collection":[{"href":"https:\/\/www.fuldaernachrichten.de\/index.php?rest_route=\/wp\/v2\/posts"}],"about":[{"href":"https:\/\/www.fuldaernachrichten.de\/index.php?rest_route=\/wp\/v2\/types\/post"}],"author":[{"embeddable":true,"href":"https:\/\/www.fuldaernachrichten.de\/index.php?rest_route=\/wp\/v2\/users\/1"}],"replies":[{"embeddable":true,"href":"https:\/\/www.fuldaernachrichten.de\/index.php?rest_route=%2Fwp%2Fv2%2Fcomments&post=132149"}],"version-history":[{"count":1,"href":"https:\/\/www.fuldaernachrichten.de\/index.php?rest_route=\/wp\/v2\/posts\/132149\/revisions"}],"predecessor-version":[{"id":132150,"href":"https:\/\/www.fuldaernachrichten.de\/index.php?rest_route=\/wp\/v2\/posts\/132149\/revisions\/132150"}],"wp:attachment":[{"href":"https:\/\/www.fuldaernachrichten.de\/index.php?rest_route=%2Fwp%2Fv2%2Fmedia&parent=132149"}],"wp:term":[{"taxonomy":"category","embeddable":true,"href":"https:\/\/www.fuldaernachrichten.de\/index.php?rest_route=%2Fwp%2Fv2%2Fcategories&post=132149"},{"taxonomy":"post_tag","embeddable":true,"href":"https:\/\/www.fuldaernachrichten.de\/index.php?rest_route=%2Fwp%2Fv2%2Ftags&post=132149"}],"curies":[{"name":"wp","href":"https:\/\/api.w.org\/{rel}","templated":true}]}}