{"id":132141,"date":"2014-11-24T00:17:37","date_gmt":"2014-11-24T00:17:37","guid":{"rendered":"http:\/\/www.fuldaer-nachrichten.de\/?p=132141"},"modified":"2014-11-23T19:46:58","modified_gmt":"2014-11-23T19:46:58","slug":"osthessennetz-gmbh-ehrt-und-verabschiedet-mitarbeiter","status":"publish","type":"post","link":"https:\/\/www.fuldaernachrichten.de\/?p=132141","title":{"rendered":"OsthessenNetz GmbH ehrt und verabschiedet Mitarbeiter"},"content":{"rendered":"<div id=\"attachment_132142\" style=\"width: 275px\" class=\"wp-caption alignleft\"><a href=\"http:\/\/www.fuldaer-nachrichten.de\/wp-content\/uploads\/2014\/11\/2014-11-21-PM-Jubilare-der-OsthessenNetz-GmbH_final.jpg\"><img decoding=\"async\" aria-describedby=\"caption-attachment-132142\" class=\"size-thumbnail wp-image-132142\" src=\"http:\/\/www.fuldaer-nachrichten.de\/wp-content\/uploads\/2014\/11\/2014-11-21-PM-Jubilare-der-OsthessenNetz-GmbH_final-265x167.jpg\" alt=\"Jubilare und Neu-Ruhest\u00e4ndler der OsthessenNetz GmbH (vordere Reihe v. l.): Edwin Sch\u00e4fer, Andreas Wick, Helmut Wiegand, Kurth Kl\u00fch und Andreas Heurich. Hintere Reihe (v. l.): G\u00fcnter Schwarz, OsthessenNetz-Gesch\u00e4ftsf\u00fchrer Bernhard Herber, Reiner Atzert, OsthessenNetz-Gesch\u00e4ftsf\u00fchrer Dr. Michael Kimmel, Edgar Kr\u00f6nung, Thorsten Gerhard und Manfred Diegelmann.\" width=\"265\" height=\"167\" srcset=\"https:\/\/www.fuldaernachrichten.de\/wp-content\/uploads\/2014\/11\/2014-11-21-PM-Jubilare-der-OsthessenNetz-GmbH_final-265x167.jpg 265w, https:\/\/www.fuldaernachrichten.de\/wp-content\/uploads\/2014\/11\/2014-11-21-PM-Jubilare-der-OsthessenNetz-GmbH_final.jpg 600w\" sizes=\"(max-width: 265px) 100vw, 265px\" \/><\/a><p id=\"caption-attachment-132142\" class=\"wp-caption-text\">Jubilare und Neu-Ruhest\u00e4ndler der OsthessenNetz GmbH (vordere Reihe v. l.): Edwin Sch\u00e4fer, Andreas Wick, Helmut Wiegand, Kurth Kl\u00fch und Andreas Heurich. Hintere Reihe (v. l.): G\u00fcnter Schwarz, OsthessenNetz-Gesch\u00e4ftsf\u00fchrer Bernhard Herber, Reiner Atzert, OsthessenNetz-Gesch\u00e4ftsf\u00fchrer Dr. Michael Kimmel, Edgar Kr\u00f6nung, Thorsten Gerhard und Manfred Diegelmann.<\/p><\/div>\n<p>Fulda. Im Rahmen einer Feierstunde ehrte und verabschiedete die OsthessenNetz GmbH am vergangenen Freitag elf Mitarbeiter. Gesch\u00e4ftsf\u00fchrer Bernhard Herber bedankte sich bei den Jubilaren und Neu-Ruhest\u00e4ndlern f\u00fcr ihren langj\u00e4hrigen engagierten Einsatz und \u00fcberreichte Ehrenurkunden der Industrie- und Handelskammer. \u201eInsgesamt sind es \u00fcber 300 Dienstjahre, die die anwesenden Jubilare f\u00fcr das Unternehmen t\u00e4tig waren. Das ist schon eine stolze Summe\u201c, betonte Gesch\u00e4ftsf\u00fchrer Bernhard Herber. \u201eDiese langj\u00e4hrige Treue zu ein und demselben Arbeitgeber zeigt, dass Sie, liebe Mitarbeiter, trotz aller Entwicklungen und Herausforderungen in den vergangenen Jahren doch offensichtlich gerne Ihre T\u00e4tigkeit bei der Osthessennetz GmbH ausge\u00fcbt haben. Ich danke Ihnen f\u00fcr dieses Engagement und gratuliere herzlich\u201c, sagte Herber.<!--more--><\/p>\n<p>Ihr 25-j\u00e4hriges Dienstjubil\u00e4um feierten Reiner Atzert, Manfred Diegelmann, Thorsten Gerhard, Andreas Heurich, Kurt Kl\u00fch, Edgar Kr\u00f6nung, G\u00fcnter Schwarz und Andreas Wick. Auf 40 Jahre Unternehmenszugeh\u00f6rigkeit kann Helmut Wiegand zur\u00fcckblicken. Eberhard Dechant und Edwin Sch\u00e4fer wurden in den Ruhestand verabschiedet.<\/p>\n<p><strong>Reiner Atzert<\/strong> absolvierte bereits seine Lehre als Energieanlageninstallateur bei der damaligen \u00dcWAG. Nach einer Weiterbildung zum Energieanlagenelektroniker arbeitete er in der Abteilung \u201eNetzschutz und Informationstechnik\u201c, anschlie\u00dfend im Entst\u00f6rdienst sowie der \u201eTelekommunikation\u201c. Seit 2010 ist Reiner Atzert bei der OsthessenNetz GmbH besch\u00e4ftigt.<\/p>\n<p><strong>Manfred Diegelmann<\/strong> ist gelernter Gas- und Wasserinstallateur und wurde im Jahr 1989 bei der damaligen GWV als Rohrnetzbauer eingestellt. Von 1992 bis 2000 war er in einer eigenst\u00e4ndigen Arbeitsgruppe mit dem Aufbau der Betriebsau\u00dfenstelle im s\u00fcdlichen Versorgungsbereich beauftragt. Derzeit ist Manfred Diegelmann als Baubeauftragter im Service Center Netz Ost Hettenhausen f\u00fcr die OsthessenNetz GmbH t\u00e4tig.<\/p>\n<p><strong>Thorsten Gerhard<\/strong> wurde bei der ehemaligen GWV als Ver- und Entsorger im Wasserwerk ausgebildet und nach Abschluss seiner Ausbildung dort weiterbesch\u00e4ftigt. 1997 schloss er eine Weiterbildung zum \u201eGepr\u00fcften Wassermeister\u201c erfolgreich ab. Seit 2007 ist Thorsten Gerhard dar\u00fcber hinaus ehrenamtlicher Sicherheitsbeauftragter f\u00fcr die Bereiche Wassergewinnung und -aufbereitung. Derzeit ist er Mitarbeiter in den Wasserversorgungsanlagen.<\/p>\n<p><strong>Andreas Heurich<\/strong> wurde 1989 bei der damaligen \u00dcWAG als Elektroinstallateur eingestellt. Dort war er in verschiedenen technischen Abteilungen t\u00e4tig und wechselte im Zuge des Betriebs\u00fcbergangs von der \u00dcWAG zur heutigen OsthessenNetz GmbH das Unternehmen. Seit Oktober 2014 ist Andreas Heurich dem Service Center Netz West zugeordnet.<\/p>\n<p><strong>Kurt Kl\u00fch<\/strong> begann ebenfalls vor 25 Jahren als LKW-Fahrer in der \u201eBauabteilung\u201c der damaligen \u00dcWAG. Ab 2003 war er f\u00fcr den \u201eVerteilnetzbetrieb\u201c t\u00e4tig. 2010 wechselte Kurt Kl\u00fch zur heutigen OsthessenNetz GmbH.<\/p>\n<p><strong>Edgar Kr\u00f6nung<\/strong> begann seine T\u00e4tigkeit bei der ehemaligen GWV im Rohrnetz. Heute ist er Baubeauftragter im Service Center Netz Ost Hettenhausen. Seine Aufgabenschwerpunkte liegen nach wie vor im Rohrnetz-Bereich.<\/p>\n<p><strong>G\u00fcnter Schwarz<\/strong> nahm seine Arbeit 1989 bei der ehemaligen GWV als Kfz- und Maschinenschlosser im Fernheizwerk Ziehers-Nord auf. Seit Anfang 2013 ist G\u00fcnter Schwarz bei der Biothan GmbH f\u00fcr die Anlagenbetreuung der Bio-Erdgas-Erzeugung zust\u00e4ndig.<\/p>\n<p><strong>Andreas Wick<\/strong> wurde bei der ehemaligen GWV als Gas- und Wasserinstallateur eingestellt und bildete sich w\u00e4hrend seiner Berufsjahre als \u201eGepr\u00fcfter Wassermeister\u201c sowie als Fachkraft f\u00fcr Arbeitssicherheit weiter. Bei der OsthessenNetz GmbH ist Andreas Wick derzeit in der Auftragssteuerung als Disponent besch\u00e4ftigt.<\/p>\n<p>Auf 40 Jahre Berufsleben kann <strong>Helmut Wiegand<\/strong> zur\u00fcckblicken. Im Jahr 1973 begann er bei der damaligen \u00dcWAG eine Ausbildung als Elektroanlageninstallateur. Nach Abschluss der Ausbildung wurde er in ein Arbeitsverh\u00e4ltnis \u00fcbernommen \u2013 in die Abteilung \u201eZ\u00e4hlermontage und Tarifaufnahme\u201c. Im Laufe der Jahre wurde die Abteilung im Zuge von Organisations\u00e4nderungen mehrfach umbenannt, das T\u00e4tigkeitsfeld von Helmut Wiegand ist aber bis heute im Bereich Messwesen \/ Z\u00e4hlermontage angesiedelt.<\/p>\n<p>In den Ruhestand verabschiedet wurden Eberhard Dechant und Edwin Sch\u00e4fer. <strong>Eberhard Dechant<\/strong> begann sein Arbeitsverh\u00e4ltnis bei der GWV im Jahr 1987 als Schwei\u00dfer im Bereich Gasrohrnetz. Zu seinen Hauptaufgaben geh\u00f6rten beispielsweise die Verlegung von Gas- und Wasserversorgungsleitungen sowie Hausanschl\u00fcssen, au\u00dferdem Unterhaltungsarbeiten im Rohrnetzbereich. Eberhard Dechant war am Tag der Feier verhindert.<\/p>\n<p><strong>Edwin Sch\u00e4fer<\/strong> wurde 1973 bei der damaligen \u00dcWAG als Elektromonteur in der technischen Abteilung, die f\u00fcr den Bezirk Schl\u00fcchtern zust\u00e4ndig war, eingestellt. Mit Umzug des Servicecenters Netz S\u00fcd von Schl\u00fcchtern nach Steinau an der Stra\u00dfe \u00e4nderte sich auch der Einstellungsort f\u00fcr Edwin Sch\u00e4fer.<\/p>\n<p>&nbsp;<\/p>\n<p>&nbsp;<\/p>\n<p>&nbsp;<\/p>\n","protected":false},"excerpt":{"rendered":"<div class=\"tmnf_excerpt\"><p>Fulda. Im Rahmen einer Feierstunde ehrte und verabschiedete die OsthessenNetz GmbH am vergangenen Freitag elf Mitarbeiter. Gesch\u00e4ftsf\u00fchrer Bernhard Herber bedankte sich bei den Jubilaren und Neu-Ruhest\u00e4ndlern f\u00fcr ihren langj\u00e4hrigen engagierten Einsatz und \u00fcberreichte Ehrenurkunden der Industrie- und Handelskammer. \u201eInsgesamt sind es \u00fcber 300 Dienstjahre, die die anwesenden Jubilare f\u00fcr das Unternehmen t\u00e4tig waren. Das ist &hellip;<\/p>\n<\/div>","protected":false},"author":1,"featured_media":0,"comment_status":"closed","ping_status":"closed","sticky":false,"template":"","format":"standard","meta":{"footnotes":""},"categories":[1,29],"tags":[],"class_list":["post-132141","post","type-post","status-publish","format-standard","hentry","category-startseite","category-politik"],"_links":{"self":[{"href":"https:\/\/www.fuldaernachrichten.de\/index.php?rest_route=\/wp\/v2\/posts\/132141","targetHints":{"allow":["GET"]}}],"collection":[{"href":"https:\/\/www.fuldaernachrichten.de\/index.php?rest_route=\/wp\/v2\/posts"}],"about":[{"href":"https:\/\/www.fuldaernachrichten.de\/index.php?rest_route=\/wp\/v2\/types\/post"}],"author":[{"embeddable":true,"href":"https:\/\/www.fuldaernachrichten.de\/index.php?rest_route=\/wp\/v2\/users\/1"}],"replies":[{"embeddable":true,"href":"https:\/\/www.fuldaernachrichten.de\/index.php?rest_route=%2Fwp%2Fv2%2Fcomments&post=132141"}],"version-history":[{"count":1,"href":"https:\/\/www.fuldaernachrichten.de\/index.php?rest_route=\/wp\/v2\/posts\/132141\/revisions"}],"predecessor-version":[{"id":132143,"href":"https:\/\/www.fuldaernachrichten.de\/index.php?rest_route=\/wp\/v2\/posts\/132141\/revisions\/132143"}],"wp:attachment":[{"href":"https:\/\/www.fuldaernachrichten.de\/index.php?rest_route=%2Fwp%2Fv2%2Fmedia&parent=132141"}],"wp:term":[{"taxonomy":"category","embeddable":true,"href":"https:\/\/www.fuldaernachrichten.de\/index.php?rest_route=%2Fwp%2Fv2%2Fcategories&post=132141"},{"taxonomy":"post_tag","embeddable":true,"href":"https:\/\/www.fuldaernachrichten.de\/index.php?rest_route=%2Fwp%2Fv2%2Ftags&post=132141"}],"curies":[{"name":"wp","href":"https:\/\/api.w.org\/{rel}","templated":true}]}}