{"id":132126,"date":"2014-11-24T00:14:54","date_gmt":"2014-11-24T00:14:54","guid":{"rendered":"http:\/\/www.fuldaer-nachrichten.de\/?p=132126"},"modified":"2014-11-23T19:32:52","modified_gmt":"2014-11-23T19:32:52","slug":"adventszeit-krippenzeit-ganz-besonders-in-der-krippengemeinde","status":"publish","type":"post","link":"https:\/\/www.fuldaernachrichten.de\/?p=132126","title":{"rendered":"Adventszeit &#8211; Krippenzeit, ganz besonders  in der Krippengemeinde"},"content":{"rendered":"<p><a href=\"http:\/\/www.fuldaer-nachrichten.de\/wp-content\/uploads\/2014\/11\/Neapoletanische-Krippe-Foto_Matthias-Hau.jpg\"><img fetchpriority=\"high\" decoding=\"async\" class=\"alignleft size-thumbnail wp-image-132127\" src=\"http:\/\/www.fuldaer-nachrichten.de\/wp-content\/uploads\/2014\/11\/Neapoletanische-Krippe-Foto_Matthias-Hau-265x397.jpg\" alt=\"Neapoletanische Krippe Foto_Matthias Hau\" width=\"265\" height=\"397\" srcset=\"https:\/\/www.fuldaernachrichten.de\/wp-content\/uploads\/2014\/11\/Neapoletanische-Krippe-Foto_Matthias-Hau-265x397.jpg 265w, https:\/\/www.fuldaernachrichten.de\/wp-content\/uploads\/2014\/11\/Neapoletanische-Krippe-Foto_Matthias-Hau-176x265.jpg 176w, https:\/\/www.fuldaernachrichten.de\/wp-content\/uploads\/2014\/11\/Neapoletanische-Krippe-Foto_Matthias-Hau-400x600.jpg 400w, https:\/\/www.fuldaernachrichten.de\/wp-content\/uploads\/2014\/11\/Neapoletanische-Krippe-Foto_Matthias-Hau.jpg 590w\" sizes=\"(max-width: 265px) 100vw, 265px\" \/><\/a>Gro\u00dfenl\u00fcder.\u00c2\u00a0P\u00fcnktlich zum 1. Advent \u00f6ffnet der Krippenweg zum neunten Mal seine Pforten und l\u00e4dt ein, die Faszination der Krippen zu erleben. Auf einem einst\u00fcndigen, leicht zu gehenden Rundweg durch den historischen Ortskern pr\u00e4sentiert der Kultur-, Heimat- und Geschichtsverein der Gemeinde Gro\u00dfenl\u00fcder e.V. in liebevoll dekorierten Fenstern 34 Darstellungen der Geburt Christi. Gezeigt werden Exponate bekannter Holzbildhauer aus der Hessischen, Bayrischen und der Th\u00fcringischen Rh\u00f6n sowie Schenkungen und Leihgaben von Privatpersonen. Die Schnitzschule Empfertshausen pr\u00e4sentiert preisgekr\u00f6nte Arbeiten des Wettbewerbs \u201eDie Krippe in der heutigen Zeit\u201c. Besonders reizvoll ist der Besuch des bis 22.00 Uhr beleuchteten Krippenwegs nach Einbruch der Dunkelheit. Eine besondere weihnachtliche Note verleihen dem Krippenweg die vom Gewerbeverein aufgestellten Tannenb\u00e4ume, Engel am Wegesrand und der festlich geschm\u00fcckte Engelweg. Wegbeschreibungen erhalten Besucher am Info-Punkt am Marktplatz 1.<br \/>\nInformationen und Flyer zum downloaden<br \/>\nwww.krippenausstellung.info<br \/>\n<a href=\"http:\/\/www.internationaler\">www.internationaler<\/a>-krippenweg.de<\/p>\n","protected":false},"excerpt":{"rendered":"<div class=\"tmnf_excerpt\"><p>Gro\u00dfenl\u00fcder.\u00c2\u00a0P\u00fcnktlich zum 1. Advent \u00f6ffnet der Krippenweg zum neunten Mal seine Pforten und l\u00e4dt ein, die Faszination der Krippen zu erleben. Auf einem einst\u00fcndigen, leicht zu gehenden Rundweg durch den historischen Ortskern pr\u00e4sentiert der Kultur-, Heimat- und Geschichtsverein der Gemeinde Gro\u00dfenl\u00fcder e.V. in liebevoll dekorierten Fenstern 34 Darstellungen der Geburt Christi. Gezeigt werden Exponate bekannter &hellip;<\/p>\n<\/div>","protected":false},"author":1,"featured_media":0,"comment_status":"closed","ping_status":"closed","sticky":false,"template":"","format":"standard","meta":{"footnotes":""},"categories":[1,50],"tags":[],"class_list":["post-132126","post","type-post","status-publish","format-standard","hentry","category-startseite","category-kirche"],"_links":{"self":[{"href":"https:\/\/www.fuldaernachrichten.de\/index.php?rest_route=\/wp\/v2\/posts\/132126","targetHints":{"allow":["GET"]}}],"collection":[{"href":"https:\/\/www.fuldaernachrichten.de\/index.php?rest_route=\/wp\/v2\/posts"}],"about":[{"href":"https:\/\/www.fuldaernachrichten.de\/index.php?rest_route=\/wp\/v2\/types\/post"}],"author":[{"embeddable":true,"href":"https:\/\/www.fuldaernachrichten.de\/index.php?rest_route=\/wp\/v2\/users\/1"}],"replies":[{"embeddable":true,"href":"https:\/\/www.fuldaernachrichten.de\/index.php?rest_route=%2Fwp%2Fv2%2Fcomments&post=132126"}],"version-history":[{"count":1,"href":"https:\/\/www.fuldaernachrichten.de\/index.php?rest_route=\/wp\/v2\/posts\/132126\/revisions"}],"predecessor-version":[{"id":132128,"href":"https:\/\/www.fuldaernachrichten.de\/index.php?rest_route=\/wp\/v2\/posts\/132126\/revisions\/132128"}],"wp:attachment":[{"href":"https:\/\/www.fuldaernachrichten.de\/index.php?rest_route=%2Fwp%2Fv2%2Fmedia&parent=132126"}],"wp:term":[{"taxonomy":"category","embeddable":true,"href":"https:\/\/www.fuldaernachrichten.de\/index.php?rest_route=%2Fwp%2Fv2%2Fcategories&post=132126"},{"taxonomy":"post_tag","embeddable":true,"href":"https:\/\/www.fuldaernachrichten.de\/index.php?rest_route=%2Fwp%2Fv2%2Ftags&post=132126"}],"curies":[{"name":"wp","href":"https:\/\/api.w.org\/{rel}","templated":true}]}}