{"id":132123,"date":"2014-11-24T00:12:39","date_gmt":"2014-11-24T00:12:39","guid":{"rendered":"http:\/\/www.fuldaer-nachrichten.de\/?p=132123"},"modified":"2014-11-23T19:31:34","modified_gmt":"2014-11-23T19:31:34","slug":"jordan-cup-serie-b-marbach-mit-souveraenem-sieg-gegen-eiterfeld-ii","status":"publish","type":"post","link":"https:\/\/www.fuldaernachrichten.de\/?p=132123","title":{"rendered":"JORDAN CUP, Serie B: Marbach mit souver\u00e4nem Sieg gegen Eiterfeld II"},"content":{"rendered":"<div id=\"attachment_132124\" style=\"width: 275px\" class=\"wp-caption alignleft\"><a href=\"http:\/\/www.fuldaer-nachrichten.de\/wp-content\/uploads\/2014\/11\/IMG_20141122_180432.jpg\"><img decoding=\"async\" aria-describedby=\"caption-attachment-132124\" class=\"size-thumbnail wp-image-132124\" src=\"http:\/\/www.fuldaer-nachrichten.de\/wp-content\/uploads\/2014\/11\/IMG_20141122_180432-265x148.jpg\" alt=\"oben von links: Martina Hahner, Isabel Hahner, Ann-Kathrin Seifert, Frederik Reinker, Maximilian Keil, Thilo Steska (alle Marbach); unten von links: Tisha Anders, Michelle Bock, Silvana Bock, Christopher Spruck, Boris Scheffer, Alexander Winkler (alle Eiterfeld II); es fehlen: Desiree Lang (Marbach); Anna Hagedorn, Katharina Frommann, Andreas Busold (alle Eiterfeld II)\" width=\"265\" height=\"148\" srcset=\"https:\/\/www.fuldaernachrichten.de\/wp-content\/uploads\/2014\/11\/IMG_20141122_180432-265x148.jpg 265w, https:\/\/www.fuldaernachrichten.de\/wp-content\/uploads\/2014\/11\/IMG_20141122_180432.jpg 600w\" sizes=\"(max-width: 265px) 100vw, 265px\" \/><\/a><p id=\"caption-attachment-132124\" class=\"wp-caption-text\">oben von links: Martina Hahner, Isabel Hahner, Ann-Kathrin Seifert, Frederik Reinker, Maximilian Keil, Thilo Steska (alle Marbach); unten von links: Tisha Anders, Michelle Bock, Silvana Bock, Christopher Spruck, Boris Scheffer, Alexander Winkler (alle Eiterfeld II); es fehlen: Desiree Lang (Marbach); Anna Hagedorn, Katharina Frommann, Andreas Busold (alle Eiterfeld II)<\/p><\/div>\n<p>Fulda. Am 3. Spieltag der Serie B des in der Halle des TC Gr\u00fcn-Wei\u00df Fulda ausgetragenen JORDAN CUP 2014\/15 (www.jordancup.de), der Tennis-Winterrunde f\u00fcr Fulda und Osthessen, bestritt der TC Marbach gegen RW Eiterfeld II sein erstes Saisonspiel. Die Eiterfelder hatten bereits ihr erstes Match gegen RW Lauterbach mit 2:19 verloren und mu\u00dften auch bei ihrem zweiten JORDAN CUP-Einsatz dem Gegner die Punkte \u00fcberlassen.<\/p>\n<p>Marbach konnte alle drei Damen-Einzel f\u00fcr sich entscheiden. Zum Auftakt des Abends siegte Martina Hahner mit 6:3, 6:4 gegen Tisha Anders. Marbachs Mannschaftsf\u00fchrerin Isabel Hahner kam sodann gegen Michelle Bock ebenso zu einem 6:1, 6:1 wie auch Ann-Kathrin Seifert gegen Silvana Bock.<!--more--><\/p>\n<p>Ausgeglichener gestalteten sich die Herren-Duelle. Christopher Spruck sammelte mit einem 6:2, 6:4 gegen Frederik Reinker erste Punkte f\u00fcr Eiterfeld II. In einem engen Match holte Boris Scheffer mit 6:4, 7:6 gegen Maximilian Keil f\u00fcr Eiterfeld II weiter auf, ehe Thilo Steska Marbachs Vorsprung durch ein 6:0, 6:2 gegen Alexander Winkler wieder ausbaute.<\/p>\n<p>Beim Zwischenstand von 4:8 mu\u00dfte Eiterfeld alle drei Mixed-Doppel gewinnen, um noch den Gesamtsieg zu erreichen, und wechselte hierf\u00fcr die H\u00e4lfte seines Teams aus. Anders\/Scheffer gelang sodann ein knapper Erfolg gegen Isabel Hahner\/Reinker mit 6:3, 3:6, 10:7. Desiree Lang\/Keil hatten gegen die Eiterfelder Anna Hagedorn\/Andreas Busold nur im 1. Satz Probleme und kamen zu einem letztendlich verdienten 7:5, 6:1, wodurch der Gesamtsieg f\u00fcr Marbach feststand. Seifert\/Steska holten mit 6:3, 6:2 gegen Katharina Frommann\/Winkler weitere Punkte f\u00fcr Marbach.<\/p>\n<p>Marbach ordnet sich durch den 14:7-Erfolg in der Tabelle der Serie B hinter RW Lauterbach und dem TC Dipperz ein. Am kommenden Samstag setzt die Serie A ihren Spielbetrieb fort, wenn GW Fulda II auf RW Eiterfeld I trifft. Alle weiteren Informationen zum JORDAN CUP stehen online unter www.facebook.com\/tennis.winter sowie www.jordancup.de bereit.<\/p>\n","protected":false},"excerpt":{"rendered":"<div class=\"tmnf_excerpt\"><p>Fulda. Am 3. Spieltag der Serie B des in der Halle des TC Gr\u00fcn-Wei\u00df Fulda ausgetragenen JORDAN CUP 2014\/15 (www.jordancup.de), der Tennis-Winterrunde f\u00fcr Fulda und Osthessen, bestritt der TC Marbach gegen RW Eiterfeld II sein erstes Saisonspiel. Die Eiterfelder hatten bereits ihr erstes Match gegen RW Lauterbach mit 2:19 verloren und mu\u00dften auch bei ihrem &hellip;<\/p>\n<\/div>","protected":false},"author":1,"featured_media":0,"comment_status":"closed","ping_status":"closed","sticky":false,"template":"","format":"standard","meta":{"footnotes":""},"categories":[1,46],"tags":[],"class_list":["post-132123","post","type-post","status-publish","format-standard","hentry","category-startseite","category-sport"],"_links":{"self":[{"href":"https:\/\/www.fuldaernachrichten.de\/index.php?rest_route=\/wp\/v2\/posts\/132123","targetHints":{"allow":["GET"]}}],"collection":[{"href":"https:\/\/www.fuldaernachrichten.de\/index.php?rest_route=\/wp\/v2\/posts"}],"about":[{"href":"https:\/\/www.fuldaernachrichten.de\/index.php?rest_route=\/wp\/v2\/types\/post"}],"author":[{"embeddable":true,"href":"https:\/\/www.fuldaernachrichten.de\/index.php?rest_route=\/wp\/v2\/users\/1"}],"replies":[{"embeddable":true,"href":"https:\/\/www.fuldaernachrichten.de\/index.php?rest_route=%2Fwp%2Fv2%2Fcomments&post=132123"}],"version-history":[{"count":1,"href":"https:\/\/www.fuldaernachrichten.de\/index.php?rest_route=\/wp\/v2\/posts\/132123\/revisions"}],"predecessor-version":[{"id":132125,"href":"https:\/\/www.fuldaernachrichten.de\/index.php?rest_route=\/wp\/v2\/posts\/132123\/revisions\/132125"}],"wp:attachment":[{"href":"https:\/\/www.fuldaernachrichten.de\/index.php?rest_route=%2Fwp%2Fv2%2Fmedia&parent=132123"}],"wp:term":[{"taxonomy":"category","embeddable":true,"href":"https:\/\/www.fuldaernachrichten.de\/index.php?rest_route=%2Fwp%2Fv2%2Fcategories&post=132123"},{"taxonomy":"post_tag","embeddable":true,"href":"https:\/\/www.fuldaernachrichten.de\/index.php?rest_route=%2Fwp%2Fv2%2Ftags&post=132123"}],"curies":[{"name":"wp","href":"https:\/\/api.w.org\/{rel}","templated":true}]}}