{"id":132110,"date":"2014-11-22T00:49:57","date_gmt":"2014-11-22T00:49:57","guid":{"rendered":"http:\/\/www.fuldaer-nachrichten.de\/?p=132110"},"modified":"2014-11-22T06:53:00","modified_gmt":"2014-11-22T06:53:00","slug":"forum-fuer-mehr-lebensqualitaet-in-der-region-fulda-erste-ergebnisse-werden-am-dienstag-im-itz-vorgestellt","status":"publish","type":"post","link":"https:\/\/www.fuldaernachrichten.de\/?p=132110","title":{"rendered":"Forum f\u00fcr mehr Lebensqualit\u00e4t in der Region Fulda &#8211; Erste Ergebnisse werden am Dienstag im ITZ vorgestellt"},"content":{"rendered":"<div id=\"attachment_132111\" style=\"width: 570px\" class=\"wp-caption alignnone\"><a href=\"http:\/\/www.fuldaer-nachrichten.de\/wp-content\/uploads\/2014\/11\/569-AAL-Auftaktveranstaltung.jpg\"><img fetchpriority=\"high\" decoding=\"async\" aria-describedby=\"caption-attachment-132111\" class=\"size-full wp-image-132111\" src=\"http:\/\/www.fuldaer-nachrichten.de\/wp-content\/uploads\/2014\/11\/569-AAL-Auftaktveranstaltung.jpg\" alt=\"Wichtige Partner f\u00fcr  die Umsetzung von AAL-L\u00f6sungen in der Region Fulda von links: Mi-chael Frohnapfel (Verein Zeitsprung), Dr. Herbert B\u00fcttner (Kreishandwerkerschaft), Bruno G\u00fcnkel (Landkreis), Stefan Schunck (IHK), Referent Dr. Maik Plischke, Regionalplaner Chri-stoph Burkard, Clustermanager Christian Vey                           Foto: Standortmarketing\" width=\"560\" height=\"280\" \/><\/a><p id=\"caption-attachment-132111\" class=\"wp-caption-text\">Wichtige Partner f\u00fcr die Umsetzung von AAL-L\u00f6sungen in der Region Fulda von links: Mi-chael Frohnapfel (Verein Zeitsprung), Dr. Herbert B\u00fcttner (Kreishandwerkerschaft), Bruno G\u00fcnkel (Landkreis), Stefan Schunck (IHK), Referent Dr. Maik Plischke, Regionalplaner Chri-stoph Burkard, Clustermanager Christian Vey Foto: Standortmarketing<\/p><\/div>\n<p>Fulda. Das Regionale Standortmarketing l\u00e4dt am Dienstag, 25. November, um 19.00 Uhr im ITZ-Fulda zu einer Veranstaltung \u201eInitiative f\u00fcr mehr Lebensqualit\u00e4t in der Region Fulda\u201c ein. Landrat Bernd Woide, B\u00fcrgermeister Dag Wehner und IHK-Pr\u00e4sident Bernhard Juchheim werden die Ergebnisses eines Arbeitskreises vorstellen, der sich mit technischen L\u00f6sungen und innovativen Dienstleistungen f\u00fcr ein selbstbestimmtes Leben im Alter, insbesondere vor dem Hintergrund der l\u00e4ndlichen Region, besch\u00e4ftigt hat.<!--more--><\/p>\n<p>Knapp 40 Personen, Vertreter von Pflegeeinrichtungen, IT- und Engineering-Unternehmen, aus Fachhandel und Fachhandwerk sowie ein f\u00e4cher\u00fcbergreifendes Wissenschaftlerteam der Hochschule Fulda haben seit Jahresbeginn gemeinsam mit der Rh\u00f6nEnergie an L\u00f6sungen gearbeitet, die es hilfsbed\u00fcrftigen Menschen erm\u00f6glichen sollen, durch Assistenzsysteme und weitere technische L\u00f6sungen m\u00f6glichst lange selbst\u00e4ndig und vor allen Dingen selbstbestimmt ihren Alltag zu meistern. Im Mittelpunkt stehen dabei die Themen Sicherheit, Mobilit\u00e4t und Kommunikation.<\/p>\n<p>Ziel der Initiative ist es, durch die B\u00fcndelung aller heimischen Kr\u00e4fte eine regionale L\u00f6sung zu entwickeln, mit der sich nicht zuletzt auch die Herausforderungen des demografischen Wandels meistern lassen. Angesprochen sind alle, die sich im weitesten Sinne mit dem Thema AAL (\u201eAmbient Assisted Living\u201c) befassen: Architekten und Handwerker, Betreiber von Altenhilfe- und Altenpflegeeinrichtungen, Vertreter von sozialen Initiativen, aber auch Entwicklungsunternehmen, IT-Unternehmen und Forschungseinrichtungen, die sich n\u00e4her \u00fcber das Thema informieren wollen.<\/p>\n<p>Organisatorisch angesiedelt ist AAL unter dem Dach der Regionalen Wirtschaftsf\u00f6rderung im Verein Engineering-High-Tech-Cluster Fulda e.V., der seit 2008 die Interessen der High-Tech-Unternehmen in der Region b\u00fcndelt. Neben dem Erfahrungsaustausch und gemeinsamen Anstrengungen im Bereich Fachkr\u00e4ftesicherung hat sich das Cluster besonders den Projektthemen \u201eAAL\u201c und \u201eIndustrie4.0\u201c verschrieben und arbeitet dabei eng mit dem Verein Zeitsprung IT-Forum Fulda e.V. zusammen. Beide Cluster repr\u00e4sentieren mehr als 150 Unternehmen mit mehr als 15.000 Mitarbeitern.<\/p>\n","protected":false},"excerpt":{"rendered":"<div class=\"tmnf_excerpt\"><p>Fulda. Das Regionale Standortmarketing l\u00e4dt am Dienstag, 25. November, um 19.00 Uhr im ITZ-Fulda zu einer Veranstaltung \u201eInitiative f\u00fcr mehr Lebensqualit\u00e4t in der Region Fulda\u201c ein. Landrat Bernd Woide, B\u00fcrgermeister Dag Wehner und IHK-Pr\u00e4sident Bernhard Juchheim werden die Ergebnisses eines Arbeitskreises vorstellen, der sich mit technischen L\u00f6sungen und innovativen Dienstleistungen f\u00fcr ein selbstbestimmtes Leben im &hellip;<\/p>\n<\/div>","protected":false},"author":1,"featured_media":0,"comment_status":"closed","ping_status":"closed","sticky":false,"template":"","format":"standard","meta":{"footnotes":""},"categories":[1,29,78],"tags":[],"class_list":["post-132110","post","type-post","status-publish","format-standard","hentry","category-startseite","category-politik","category-topthema"],"_links":{"self":[{"href":"https:\/\/www.fuldaernachrichten.de\/index.php?rest_route=\/wp\/v2\/posts\/132110","targetHints":{"allow":["GET"]}}],"collection":[{"href":"https:\/\/www.fuldaernachrichten.de\/index.php?rest_route=\/wp\/v2\/posts"}],"about":[{"href":"https:\/\/www.fuldaernachrichten.de\/index.php?rest_route=\/wp\/v2\/types\/post"}],"author":[{"embeddable":true,"href":"https:\/\/www.fuldaernachrichten.de\/index.php?rest_route=\/wp\/v2\/users\/1"}],"replies":[{"embeddable":true,"href":"https:\/\/www.fuldaernachrichten.de\/index.php?rest_route=%2Fwp%2Fv2%2Fcomments&post=132110"}],"version-history":[{"count":1,"href":"https:\/\/www.fuldaernachrichten.de\/index.php?rest_route=\/wp\/v2\/posts\/132110\/revisions"}],"predecessor-version":[{"id":132112,"href":"https:\/\/www.fuldaernachrichten.de\/index.php?rest_route=\/wp\/v2\/posts\/132110\/revisions\/132112"}],"wp:attachment":[{"href":"https:\/\/www.fuldaernachrichten.de\/index.php?rest_route=%2Fwp%2Fv2%2Fmedia&parent=132110"}],"wp:term":[{"taxonomy":"category","embeddable":true,"href":"https:\/\/www.fuldaernachrichten.de\/index.php?rest_route=%2Fwp%2Fv2%2Fcategories&post=132110"},{"taxonomy":"post_tag","embeddable":true,"href":"https:\/\/www.fuldaernachrichten.de\/index.php?rest_route=%2Fwp%2Fv2%2Ftags&post=132110"}],"curies":[{"name":"wp","href":"https:\/\/api.w.org\/{rel}","templated":true}]}}