{"id":132107,"date":"2014-11-22T06:49:23","date_gmt":"2014-11-22T06:49:23","guid":{"rendered":"http:\/\/www.fuldaer-nachrichten.de\/?p=132107"},"modified":"2014-11-22T06:49:23","modified_gmt":"2014-11-22T06:49:23","slug":"traditioneller-weihnachtsmarkt-in-poppenhausen-6","status":"publish","type":"post","link":"https:\/\/www.fuldaernachrichten.de\/?p=132107","title":{"rendered":"Traditioneller Weihnachtsmarkt in Poppenhausen"},"content":{"rendered":"<p><a href=\"http:\/\/www.fuldaer-nachrichten.de\/wp-content\/uploads\/2014\/11\/Bude-Hauke.jpg\"><img fetchpriority=\"high\" decoding=\"async\" class=\"alignleft size-thumbnail wp-image-132108\" src=\"http:\/\/www.fuldaer-nachrichten.de\/wp-content\/uploads\/2014\/11\/Bude-Hauke-265x353.jpg\" alt=\"Bude Hauke\" width=\"265\" height=\"353\" srcset=\"https:\/\/www.fuldaernachrichten.de\/wp-content\/uploads\/2014\/11\/Bude-Hauke-265x353.jpg 265w, https:\/\/www.fuldaernachrichten.de\/wp-content\/uploads\/2014\/11\/Bude-Hauke-198x265.jpg 198w, https:\/\/www.fuldaernachrichten.de\/wp-content\/uploads\/2014\/11\/Bude-Hauke.jpg 450w\" sizes=\"(max-width: 265px) 100vw, 265px\" \/><\/a>Poppenhausen. Am 1. Adventsonntag, den 30.November 2014 veranstaltet die Gemeinde Poppenhausen auf dem historischen Marktplatz den allj\u00e4hrlichen Weihnachtsmarkt, zu dem G\u00e4ste aus nah und fern herzlich eingeladen sind. Nach dem Gottesdienst wird der Markt gegen 11.00 Uhr von B\u00fcrgermeister Manfred Helfrich und geladenen Ehreng\u00e4sten er\u00f6ffnet. Musikalisch wird dies vom Musikverein C\u00e4cilia begleitet. Um 14.00 Uhr findet ein weihnachtliches Platzkonzert statt. Gegen 15.00 Uhr besucht der Nikolaus unsere kleinen Besucher. Nach dem Vortragen der Weihnachtsgeschichte und einiger Gedichte verteilt er wie in jedem Jahr die in seinem gro\u00dfen Sack versteckten Geschenke an die Kinder.<!--more--><\/p>\n<p>Der Weihnachtsmarkt ist besonders handwerklich und weihnachtlich ausgerichtet. An den \u00fcber 20 Marktst\u00e4nden werden weihnachtliche Basteleien, Handarbeiten, Geschenkartikel, Krippen, Schmuck, verschiedene kulinarische K\u00f6stlichkeiten, Pl\u00e4tzchen und andere selbstgemachte K\u00f6stlichkeiten, Gl\u00fchwein und sonstige n\u00fctzliche Dinge angeboten. Das Blument\u00f6pfchen pr\u00e4sentiert eine besondere florale Ausstellung in einzigartiger Atmosph\u00e4re. Der Markt l\u00e4dt zum Bummeln und Verweilen ein und bietet schlie\u00dflich Gelegenheit zur Begegnung und zu guten Gespr\u00e4chen.<\/p>\n<p>Die Poppenhausener laden Sie herzlich auf ihren festlich geschm\u00fcckten Markplatz ein, wo ein besonders festliches Ambiente geboten wird.<\/p>\n<p>&nbsp;<\/p>\n<p>&nbsp;<\/p>\n<p>&nbsp;<\/p>\n","protected":false},"excerpt":{"rendered":"<div class=\"tmnf_excerpt\"><p>Poppenhausen. Am 1. Adventsonntag, den 30.November 2014 veranstaltet die Gemeinde Poppenhausen auf dem historischen Marktplatz den allj\u00e4hrlichen Weihnachtsmarkt, zu dem G\u00e4ste aus nah und fern herzlich eingeladen sind. Nach dem Gottesdienst wird der Markt gegen 11.00 Uhr von B\u00fcrgermeister Manfred Helfrich und geladenen Ehreng\u00e4sten er\u00f6ffnet. Musikalisch wird dies vom Musikverein C\u00e4cilia begleitet. Um 14.00 Uhr &hellip;<\/p>\n<\/div>","protected":false},"author":1,"featured_media":0,"comment_status":"closed","ping_status":"closed","sticky":false,"template":"","format":"standard","meta":{"footnotes":""},"categories":[1],"tags":[],"class_list":["post-132107","post","type-post","status-publish","format-standard","hentry","category-startseite"],"_links":{"self":[{"href":"https:\/\/www.fuldaernachrichten.de\/index.php?rest_route=\/wp\/v2\/posts\/132107","targetHints":{"allow":["GET"]}}],"collection":[{"href":"https:\/\/www.fuldaernachrichten.de\/index.php?rest_route=\/wp\/v2\/posts"}],"about":[{"href":"https:\/\/www.fuldaernachrichten.de\/index.php?rest_route=\/wp\/v2\/types\/post"}],"author":[{"embeddable":true,"href":"https:\/\/www.fuldaernachrichten.de\/index.php?rest_route=\/wp\/v2\/users\/1"}],"replies":[{"embeddable":true,"href":"https:\/\/www.fuldaernachrichten.de\/index.php?rest_route=%2Fwp%2Fv2%2Fcomments&post=132107"}],"version-history":[{"count":1,"href":"https:\/\/www.fuldaernachrichten.de\/index.php?rest_route=\/wp\/v2\/posts\/132107\/revisions"}],"predecessor-version":[{"id":132109,"href":"https:\/\/www.fuldaernachrichten.de\/index.php?rest_route=\/wp\/v2\/posts\/132107\/revisions\/132109"}],"wp:attachment":[{"href":"https:\/\/www.fuldaernachrichten.de\/index.php?rest_route=%2Fwp%2Fv2%2Fmedia&parent=132107"}],"wp:term":[{"taxonomy":"category","embeddable":true,"href":"https:\/\/www.fuldaernachrichten.de\/index.php?rest_route=%2Fwp%2Fv2%2Fcategories&post=132107"},{"taxonomy":"post_tag","embeddable":true,"href":"https:\/\/www.fuldaernachrichten.de\/index.php?rest_route=%2Fwp%2Fv2%2Ftags&post=132107"}],"curies":[{"name":"wp","href":"https:\/\/api.w.org\/{rel}","templated":true}]}}