{"id":132094,"date":"2014-11-22T06:40:02","date_gmt":"2014-11-22T06:40:02","guid":{"rendered":"http:\/\/www.fuldaer-nachrichten.de\/?p=132094"},"modified":"2014-11-22T06:40:02","modified_gmt":"2014-11-22T06:40:02","slug":"gedenken-fuer-verstorbene-kinder-am-2-sonntag-im-dezember","status":"publish","type":"post","link":"https:\/\/www.fuldaernachrichten.de\/?p=132094","title":{"rendered":"Gedenken f\u00fcr Verstorbene Kinder am 2. Sonntag im Dezember"},"content":{"rendered":"<p>Fulda. Im Rahmen der j\u00e4hrlichen\u00c2\u00a0 Initiative Weltweites Kerzenleuchten (Internationales Worldwide Candle Lighting) unterst\u00fctzt und begeht am zweiten Sonntag des Monats Dezember einen j\u00e4hrlichen Weltgedenktag f\u00fcr alle verstorbenen Kinder. Die Initiatoren und Unterst\u00fctzer laden Angeh\u00f6rige in der ganzen Welt ein, diesem Tag ihrer verstorbenen Kinder, Enkel und Geschwister besonders zu gedenken.<!--more--><\/p>\n<p>In Deutschland wird die Initiative vor allen vom Bundesverband verwaister Eltern e.V. unterst\u00fctzt, einem Zusammenschluss von Selbsthilfegruppen trauernder Eltern. Jedes Jahr am 2. Sonntag im Dezember (aktuell: 14. Dezember 2014) stellen seit vielen Jahren Betroffene rund um die ganze Welt um 19.00 Uhr brennende Kerzen in die Fenster. W\u00e4hrend die Kerzen in der einen Zeitzone erl\u00f6schen, werden sie in der n\u00e4chsten entz\u00fcndet, so da\u00df eine Lichterwelle 24 Stunden die ganze Welt umringt.<\/p>\n<p>Jedes Licht im Fenster steht f\u00fcr das Wissen, da\u00df diese Kinder das Leben erhellt haben und da\u00df sie nie vergessen werden. Das Licht steht auch f\u00fcr die Hoffnung, da\u00df die Trauer das Leben der Angeh\u00f6rigen nicht f\u00fcr immer dunkel bleiben l\u00e4\u00dft. Das Licht schl\u00e4gt Br\u00fccken von einem betroffenen Menschen zum anderen, von einer Familie zur anderen, von einem Haus zum anderen, von einer Stadt zur anderen, von einem Land zum anderen. Es versichert Betroffene der Solidarit\u00e4t untereinander. Es w\u00e4rmt ein wenig das kalt gewordene Leben und wird sich ausbreiten, wie es ein erster Sonnenstrahl am Morgen tut.<\/p>\n<p>Aktion der Trauerarbeit im Bistum Fulda mit der\u00c2\u00a0 Regionalstelle Trauernde Eltern und Kinder e.V.\/MKK\/ Hessen\u00c2\u00a0 werden in diesem Jahr wieder Kerzen angeboten. In diesem Jahr konnten LED Kerzen mit Banderolen gestaltet werden. Sie k\u00f6nnen im Zentrum f\u00fcr Trauerarbeit Rh\u00f6nstra\u00dfe 8 in Hanau erworben werden oder werden gegen einen Freiumschlag von 1.45 \u00e2\u201a\u00ac zugeschickt werden. Die Banderolen k\u00f6nnen aber auch im Internet heruntergeladen werden und sind auf der www.trauern-warum-allein.de und auf eine LED Licht aufgeklebt werden. Die LED \u2013 Kerzen sind bei allen g\u00e4ngigen Kerzengesch\u00e4ften, in Drogerien oder in Baum\u00e4rkten zu bekommen und bieten eine gute Sicherheit.<\/p>\n","protected":false},"excerpt":{"rendered":"<div class=\"tmnf_excerpt\"><p>Fulda. Im Rahmen der j\u00e4hrlichen\u00c2\u00a0 Initiative Weltweites Kerzenleuchten (Internationales Worldwide Candle Lighting) unterst\u00fctzt und begeht am zweiten Sonntag des Monats Dezember einen j\u00e4hrlichen Weltgedenktag f\u00fcr alle verstorbenen Kinder. Die Initiatoren und Unterst\u00fctzer laden Angeh\u00f6rige in der ganzen Welt ein, diesem Tag ihrer verstorbenen Kinder, Enkel und Geschwister besonders zu gedenken.<\/p>\n<\/div>","protected":false},"author":1,"featured_media":0,"comment_status":"closed","ping_status":"closed","sticky":false,"template":"","format":"standard","meta":{"footnotes":""},"categories":[1],"tags":[],"class_list":["post-132094","post","type-post","status-publish","format-standard","hentry","category-startseite"],"_links":{"self":[{"href":"https:\/\/www.fuldaernachrichten.de\/index.php?rest_route=\/wp\/v2\/posts\/132094","targetHints":{"allow":["GET"]}}],"collection":[{"href":"https:\/\/www.fuldaernachrichten.de\/index.php?rest_route=\/wp\/v2\/posts"}],"about":[{"href":"https:\/\/www.fuldaernachrichten.de\/index.php?rest_route=\/wp\/v2\/types\/post"}],"author":[{"embeddable":true,"href":"https:\/\/www.fuldaernachrichten.de\/index.php?rest_route=\/wp\/v2\/users\/1"}],"replies":[{"embeddable":true,"href":"https:\/\/www.fuldaernachrichten.de\/index.php?rest_route=%2Fwp%2Fv2%2Fcomments&post=132094"}],"version-history":[{"count":1,"href":"https:\/\/www.fuldaernachrichten.de\/index.php?rest_route=\/wp\/v2\/posts\/132094\/revisions"}],"predecessor-version":[{"id":132095,"href":"https:\/\/www.fuldaernachrichten.de\/index.php?rest_route=\/wp\/v2\/posts\/132094\/revisions\/132095"}],"wp:attachment":[{"href":"https:\/\/www.fuldaernachrichten.de\/index.php?rest_route=%2Fwp%2Fv2%2Fmedia&parent=132094"}],"wp:term":[{"taxonomy":"category","embeddable":true,"href":"https:\/\/www.fuldaernachrichten.de\/index.php?rest_route=%2Fwp%2Fv2%2Fcategories&post=132094"},{"taxonomy":"post_tag","embeddable":true,"href":"https:\/\/www.fuldaernachrichten.de\/index.php?rest_route=%2Fwp%2Fv2%2Ftags&post=132094"}],"curies":[{"name":"wp","href":"https:\/\/api.w.org\/{rel}","templated":true}]}}