{"id":132092,"date":"2014-11-22T06:38:11","date_gmt":"2014-11-22T06:38:11","guid":{"rendered":"http:\/\/www.fuldaer-nachrichten.de\/?p=132092"},"modified":"2014-11-22T06:38:11","modified_gmt":"2014-11-22T06:38:11","slug":"caritas-werkstaetten-bieten-am-27-november-einen-umfassenden-informationsabend","status":"publish","type":"post","link":"https:\/\/www.fuldaernachrichten.de\/?p=132092","title":{"rendered":"Caritas-Werkst\u00e4tten bieten am 27. November einen umfassenden Informationsabend"},"content":{"rendered":"<p>Fulda (cif). Die Caritas-Werkst\u00e4tten Fulda veranstalten am Donnerstag, den 27. November 2014 um 19:00 Uhr in der St.-Vinzenz-Stra\u00dfe 52 einen Informationsabend zur beruflichen Bildung. Das spezielle Thema \u201eGesetzliche Betreuung\u201c wird dabei Bernd Krieg vom Sozialdienst katholischer Frauen (SkF) umfassend erl\u00e4utern. Mit ihrem Angebot an beruflicher Bildung und an Arbeit richten sich Caritas Berufswege Fulda und die Werkst\u00e4tten an Menschen mit Behinderungen, die zurzeit nicht oder nur mit Unterst\u00fctzung auf dem so genannten Ersten Arbeitsmarkt t\u00e4tig sein k\u00f6nnen. Neben der Qualifizierung in den Werkst\u00e4tten geht es auch um die M\u00f6glichkeiten zur Integration in den Ersten Arbeitsmarkt, um berufs- und pers\u00f6nlichkeitsf\u00f6rdernde Angebote sowie um die Formen von Arbeit und Produktion in den Caritas-Werkst\u00e4tten, die auf dem Informationsabend vorgestellt werden. Weitere Informationen zum Info-Abend und zu den Caritas Berufswegen erhalten Interessierte unter E-Mail <a href=\"mailto:werkstatt.fulda@caritas-fulda.de\">werkstatt.fulda@caritas-fulda.de<\/a> und unter Tel. 0661\/90233-0.<\/p>\n","protected":false},"excerpt":{"rendered":"<div class=\"tmnf_excerpt\"><p>Fulda (cif). Die Caritas-Werkst\u00e4tten Fulda veranstalten am Donnerstag, den 27. November 2014 um 19:00 Uhr in der St.-Vinzenz-Stra\u00dfe 52 einen Informationsabend zur beruflichen Bildung. Das spezielle Thema \u201eGesetzliche Betreuung\u201c wird dabei Bernd Krieg vom Sozialdienst katholischer Frauen (SkF) umfassend erl\u00e4utern. Mit ihrem Angebot an beruflicher Bildung und an Arbeit richten sich Caritas Berufswege Fulda und &hellip;<\/p>\n<\/div>","protected":false},"author":1,"featured_media":0,"comment_status":"closed","ping_status":"closed","sticky":false,"template":"","format":"standard","meta":{"footnotes":""},"categories":[1,53],"tags":[],"class_list":["post-132092","post","type-post","status-publish","format-standard","hentry","category-startseite","category-bildung"],"_links":{"self":[{"href":"https:\/\/www.fuldaernachrichten.de\/index.php?rest_route=\/wp\/v2\/posts\/132092","targetHints":{"allow":["GET"]}}],"collection":[{"href":"https:\/\/www.fuldaernachrichten.de\/index.php?rest_route=\/wp\/v2\/posts"}],"about":[{"href":"https:\/\/www.fuldaernachrichten.de\/index.php?rest_route=\/wp\/v2\/types\/post"}],"author":[{"embeddable":true,"href":"https:\/\/www.fuldaernachrichten.de\/index.php?rest_route=\/wp\/v2\/users\/1"}],"replies":[{"embeddable":true,"href":"https:\/\/www.fuldaernachrichten.de\/index.php?rest_route=%2Fwp%2Fv2%2Fcomments&post=132092"}],"version-history":[{"count":1,"href":"https:\/\/www.fuldaernachrichten.de\/index.php?rest_route=\/wp\/v2\/posts\/132092\/revisions"}],"predecessor-version":[{"id":132093,"href":"https:\/\/www.fuldaernachrichten.de\/index.php?rest_route=\/wp\/v2\/posts\/132092\/revisions\/132093"}],"wp:attachment":[{"href":"https:\/\/www.fuldaernachrichten.de\/index.php?rest_route=%2Fwp%2Fv2%2Fmedia&parent=132092"}],"wp:term":[{"taxonomy":"category","embeddable":true,"href":"https:\/\/www.fuldaernachrichten.de\/index.php?rest_route=%2Fwp%2Fv2%2Fcategories&post=132092"},{"taxonomy":"post_tag","embeddable":true,"href":"https:\/\/www.fuldaernachrichten.de\/index.php?rest_route=%2Fwp%2Fv2%2Ftags&post=132092"}],"curies":[{"name":"wp","href":"https:\/\/api.w.org\/{rel}","templated":true}]}}