{"id":132072,"date":"2014-11-21T00:17:58","date_gmt":"2014-11-21T00:17:58","guid":{"rendered":"http:\/\/www.fuldaer-nachrichten.de\/?p=132072"},"modified":"2014-11-20T18:07:55","modified_gmt":"2014-11-20T18:07:55","slug":"30-jahre-kreisgruppe-fulda-staatssekretaer-dr-dippel-und-landesbeauftragte-ziegler-raschdorf-ehrengaeste-beim-festakt-der-landsmannschaft-der-deutschen-aus-russland-in-fulda","status":"publish","type":"post","link":"https:\/\/www.fuldaernachrichten.de\/?p=132072","title":{"rendered":"\u201e30 Jahre Kreisgruppe Fulda\u201c &#8211; Staatssekret\u00e4r Dr. Dippel und Landesbeauftragte Ziegler-Raschdorf Ehreng\u00e4ste beim Festakt der Landsmannschaft der Deutschen aus Russland in Fulda"},"content":{"rendered":"<div id=\"attachment_132073\" style=\"width: 275px\" class=\"wp-caption alignleft\"><a href=\"http:\/\/www.fuldaer-nachrichten.de\/wp-content\/uploads\/2014\/11\/image005.jpg\"><img decoding=\"async\" aria-describedby=\"caption-attachment-132073\" class=\"size-thumbnail wp-image-132073\" src=\"http:\/\/www.fuldaer-nachrichten.de\/wp-content\/uploads\/2014\/11\/image005-265x176.jpg\" alt=\"  Auf dem Bild von links: Staatssekret\u00e4r Dr. Wolfgang Dippel, Oberb\u00fcrgermeister Gerhard M\u00f6ller,  Kreisvorsitzende Rosa Emich, Landesbeauftragte f\u00fcr Heimatvertriebene und Sp\u00e4taussiedler, Margarete Ziegler-Raschdorf, Vorstandsmitglied des Internationalen Verbandes der Deutschen Kultur in Russland Irma Belenina, Erster Kreisbeigeordneter Dr. Heiko Wingenfeld, Leiter des Sozialamtes des Landkreises Fulda Richard Frank.   \u00c2\u00a9 Olga Roon\" width=\"265\" height=\"176\" srcset=\"https:\/\/www.fuldaernachrichten.de\/wp-content\/uploads\/2014\/11\/image005-265x176.jpg 265w, https:\/\/www.fuldaernachrichten.de\/wp-content\/uploads\/2014\/11\/image005.jpg 600w\" sizes=\"(max-width: 265px) 100vw, 265px\" \/><\/a><p id=\"caption-attachment-132073\" class=\"wp-caption-text\"><br \/>Auf dem Bild von links: Staatssekret\u00e4r Dr. Wolfgang Dippel, Oberb\u00fcrgermeister Gerhard M\u00f6ller, Kreisvorsitzende Rosa Emich, Landesbeauftragte f\u00fcr Heimatvertriebene und Sp\u00e4taussiedler, Margarete Ziegler-Raschdorf, Vorstandsmitglied des Internationalen Verbandes der Deutschen Kultur in Russland Irma Belenina, Erster Kreisbeigeordneter Dr. Heiko Wingenfeld, Leiter des Sozialamtes des Landkreises Fulda Richard Frank.<br \/>\u00c2\u00a9 Olga Roon<\/p><\/div>\n<p>Fulda. Der Staatssekret\u00e4r im Hessischen Ministerium f\u00fcr Soziales und Integration, Dr. Wolfgang Dippel, besuchte gemeinsam mit der Landesbeauftragten f\u00fcr Heimatvertriebene und Sp\u00e4taussiedler, Margarete Ziegler-Raschdorf, den Festakt zum 30. Jahrestag der Gr\u00fcndung der Kreisgruppe Fulda der Landsmannschaft der Deutschen aus Russland. Im Haus Oranien in der osthessischen Barockstadt Fulda beging die Kreisgruppe gleichzeitig auch eine Ehrung ihrer Vorsitzenden Rosa Emich zum 20. Jahrestag im Amt an der Spitze der Kreisgruppe. Staatssekret\u00e4r Dr. Dippel vertrat den Schirmherrn des Festaktes, Hessens Sozialminister Stefan Gr\u00fcttner, und hielt die Festrede zum Jubil\u00e4um. Dr. Dippel hob besonders die internationalen Kontakte der Fuldaer Gruppe hervor, die zeitgleich zum Jubil\u00e4um den f\u00fcnften Jahrestag der Begr\u00fcndung einer Partnerschaft zum Zentrum Deutscher Kultur in der russischen Stadt Wolgograd feierte. \u201eDies ist ein wichtiger Baustein im zivilgesellschaftlichen Austausch zwischen dem deutschen und dem russischen Volk. Die deutschen Aussiedler sind als Br\u00fcckenbauer nach Osten pr\u00e4destiniert\u201c, betonte der Staatssekret\u00e4r.<!--more--><\/p>\n<p>In ihrem Gru\u00dfwort gratulierte die hessische Landesbeauftragte Ziegler-Raschdorf der regen Kreisgruppe der Landsmannschaft der Deutschen aus Russland f\u00fcr die jahrelange kontinuierliche Arbeit. Nicht zuletzt an der Anzahl hochrangiger Ehreng\u00e4ste k\u00f6nne man die \u00fcber Fulda hinausgehende Bedeutung der \u00f6rtlichen Arbeit ablesen: \u201eEs ist mir eine gro\u00dfe Ehre, neben Staatssekret\u00e4r Dr. Dippel dem Fuldaer Oberb\u00fcrgermeister M\u00f6ller und dem Kreisbeigeordneten Dr. Wingenfeld auch zwei Vertreter des diplomatischen Korps begr\u00fc\u00dfen zu d\u00fcrfen.<\/p>\n<p>F\u00fcr mich ist es ein hervorragender Beleg f\u00fcr die vertrauensvolle, partnerschaftliche Zusammenarbeit der russlanddeutschen Aussiedler mit ihren Herkunftsl\u00e4ndern, wenn mit dem Generalkonsul der Republik Kasachstan, Nurlan Seitimov, und dem kirgisischen Konsul Azamat Almakunov gleich zwei ausl\u00e4ndische Repr\u00e4sentanten anwesend sind.\u201c<\/p>\n<p>Gleichzeitig sprach die Landesbeauftragte der Kreisgruppe Fulda, den aktiven Mitgliedern und der langj\u00e4hrigen Vorsitzenden Emich ihren ausdr\u00fccklichen Dank aus: \u201e\u00dcber die Jahre der 20- j\u00e4hrigen T\u00e4tigkeit Ihrer Vorsitzenden ist eine vertrauensvolle Zusammenarbeit entstanden. Aus der Fuldaer Kreisgruppe sind wichtige Projekte entstanden, die die Eingliederung der russlanddeutschen Aussiedler und Sp\u00e4taussiedler unterst\u00fctzen. Ich nenne hier die Sprachkurse, Hilfen zur beruflichen Eingliederung, die Resozialisierungsma\u00dfnahmen in der JVA H\u00fcnfeld und nicht zuletzt die regelm\u00e4\u00dfigen Sportfeste. Fulda und Umgebung hat eine gro\u00dfe Anzahl Sp\u00e4taussiedler aufgenommen. Au\u00dferdem hat Fulda die gr\u00f6\u00dfte Br\u00fcdergemeinde in Deutschland, eine Religionsgemeinschaft der Mennoniten, der viele Russlanddeutsche angeh\u00f6ren. Ohne die aktive Mithilfe der Landsmannschaft w\u00e4ren viele Probleme nur unzureichend gel\u00f6st.\u201c<\/p>\n<p>Fuldas Oberb\u00fcrgermeister Gerhard M\u00f6ller \u00fcberreichte der Kreisgruppenvorsitzenden Rosa Emich f\u00fcr ihren Einsatz die silberne Ehrenmedaille der Stadt Fulda, die er mit dem Dank verband: \u201eFrau Emich hat sich nicht nur als Kreisvorsitzende der Landsmannschaft der Deutschen aus Russland um Fulda verdient gemacht. Durch ihr vielf\u00e4ltiges politisches und kulturelles Engagement leistet Sie zusammen mit zahlreichen ehrenamtlich t\u00e4tigen Mitgliedern ihrer Landsmannschaft einen gro\u00dfen Beitrag dazu, dass 250 Jahre nach der Auswanderung der Deutschen nach Russland Hessen heute wieder Heimat f\u00fcr die als Aussiedler und Sp\u00e4taussiedler Zur\u00fcckgekehrten sein kann.\u201c<\/p>\n<p>Im Anschluss an den offiziellen Teil wurde ein Film zur Geschichte der Kreisgruppe gezeigt sowie ein russlanddeutsches Kulturprogramm.<\/p>\n","protected":false},"excerpt":{"rendered":"<div class=\"tmnf_excerpt\"><p>Fulda. Der Staatssekret\u00e4r im Hessischen Ministerium f\u00fcr Soziales und Integration, Dr. Wolfgang Dippel, besuchte gemeinsam mit der Landesbeauftragten f\u00fcr Heimatvertriebene und Sp\u00e4taussiedler, Margarete Ziegler-Raschdorf, den Festakt zum 30. Jahrestag der Gr\u00fcndung der Kreisgruppe Fulda der Landsmannschaft der Deutschen aus Russland. Im Haus Oranien in der osthessischen Barockstadt Fulda beging die Kreisgruppe gleichzeitig auch eine Ehrung &hellip;<\/p>\n<\/div>","protected":false},"author":1,"featured_media":0,"comment_status":"closed","ping_status":"closed","sticky":false,"template":"","format":"standard","meta":{"footnotes":""},"categories":[1,29],"tags":[],"class_list":["post-132072","post","type-post","status-publish","format-standard","hentry","category-startseite","category-politik"],"_links":{"self":[{"href":"https:\/\/www.fuldaernachrichten.de\/index.php?rest_route=\/wp\/v2\/posts\/132072","targetHints":{"allow":["GET"]}}],"collection":[{"href":"https:\/\/www.fuldaernachrichten.de\/index.php?rest_route=\/wp\/v2\/posts"}],"about":[{"href":"https:\/\/www.fuldaernachrichten.de\/index.php?rest_route=\/wp\/v2\/types\/post"}],"author":[{"embeddable":true,"href":"https:\/\/www.fuldaernachrichten.de\/index.php?rest_route=\/wp\/v2\/users\/1"}],"replies":[{"embeddable":true,"href":"https:\/\/www.fuldaernachrichten.de\/index.php?rest_route=%2Fwp%2Fv2%2Fcomments&post=132072"}],"version-history":[{"count":1,"href":"https:\/\/www.fuldaernachrichten.de\/index.php?rest_route=\/wp\/v2\/posts\/132072\/revisions"}],"predecessor-version":[{"id":132074,"href":"https:\/\/www.fuldaernachrichten.de\/index.php?rest_route=\/wp\/v2\/posts\/132072\/revisions\/132074"}],"wp:attachment":[{"href":"https:\/\/www.fuldaernachrichten.de\/index.php?rest_route=%2Fwp%2Fv2%2Fmedia&parent=132072"}],"wp:term":[{"taxonomy":"category","embeddable":true,"href":"https:\/\/www.fuldaernachrichten.de\/index.php?rest_route=%2Fwp%2Fv2%2Fcategories&post=132072"},{"taxonomy":"post_tag","embeddable":true,"href":"https:\/\/www.fuldaernachrichten.de\/index.php?rest_route=%2Fwp%2Fv2%2Ftags&post=132072"}],"curies":[{"name":"wp","href":"https:\/\/api.w.org\/{rel}","templated":true}]}}