{"id":13205,"date":"2008-10-31T06:01:59","date_gmt":"2008-10-31T05:01:59","guid":{"rendered":"http:\/\/www.schoene-nachrichten.de\/?p=13205"},"modified":"2008-10-31T07:03:02","modified_gmt":"2008-10-31T06:03:02","slug":"das-dschungelbuch-zu-gast-bei-der-uewag","status":"publish","type":"post","link":"https:\/\/www.fuldaernachrichten.de\/?p=13205","title":{"rendered":"\u201eDas Dschungelbuch\u201c zu Gast bei der \u00dcWAG"},"content":{"rendered":"<p><strong>Fulda. <\/strong>Im Rahmen der Ausstellung \u201eTiere des Dschungelbuchs\u201c mit Fotoaufnahmen des Biologen und Fotografen Axel Gomille veranstaltet die \u00dcWAG am Samstag, 8. November 2008, einen Aktionstag in ihrem Kundenzentrum in der Fuldaer Bahnhofstra\u00dfe 2.<!--more--><\/p>\n<p>Die Veranstaltung beginnt um 10:00 Uhr mit einer kurzen Begr\u00fc\u00dfung durch Dipl.-Betriebswirtin (FH) Anja R\u00f6hrle, Leiterin des \u00dcWAG-Kundenzentrums. Anschlie\u00dfend folgt ein spannendes Erz\u00e4hltheater mit den Schauspielern \u201eDie Tropenreisenden\u201c, das auf der Geschichte des \u201eDschungelbuchs\u201c von Rudyard Kipling beruht. Die beiden Akteure, Barbara Geiger und Timo Dierkes, entf\u00fchren die kleinen und gro\u00dfen Zuschauer auf eine Entdeckungsreise in die wundersame Welt des Dschungels. Begleitet von den Ger\u00e4uschen und Lauten wilder Tiere vermitteln sie die Lebensfreude der Dschungelbewohner. Das Schauspiel wird nochmals um 12:00 Uhr und um 14:00 Uhr aufgef\u00fchrt.<\/p>\n<p>Um 15:00 Uhr ist eine eineinhalbst\u00fcndige Trickfilm-Vorf\u00fchrung im Kundenzentrum zu sehen, die f\u00fcr Kinder und Erwachsene gleicherma\u00dfen Spannung und Unterhaltung verspricht. Auch sie l\u00e4dt ein in die exotische Welt des Urwalds, erz\u00e4hlt von sprechenden Tieren und einem kleinen Jungen, der in dieser fabelhaften Welt manches Abenteuer zu bestehen hat. Ein Film, bei dem es viel \u00fcber die Beziehung zwischen Mensch und Tier im Dschungel zu erfahren gibt, und ein gro\u00dfer Spa\u00df f\u00fcr alle Trickfilmfreunde.<\/p>\n<p>W\u00e4hrend des gesamten Aktionstages haben die Besucher die Gelegenheit, einen Rundgang durch die Fotoausstellung zu machen. Das Buch von Axel Gomille gibt es im \u00dcWAG-Shop f\u00fcr 24,90 Euro zu kaufen.<br \/>\nF\u00fcr Kinder wird ein gro\u00dfer Malwettbewerb zum Thema \u201eDschungeltiere\u201c und Maskenbasteln angeboten.<\/p>\n<p>Die Ausstellung im \u00dcWAG-Kundenzentrum ist am Samstag, 8. November 2008, von 10:00 bis 17:00 Uhr ge\u00f6ffnet. Der Eintritt zur Ausstellung und allen Aktionen ist frei.<\/p>\n","protected":false},"excerpt":{"rendered":"<div class=\"tmnf_excerpt\"><p>Fulda. Im Rahmen der Ausstellung \u201eTiere des Dschungelbuchs\u201c mit Fotoaufnahmen des Biologen und Fotografen Axel Gomille veranstaltet die \u00dcWAG am Samstag, 8. November 2008, einen Aktionstag in ihrem Kundenzentrum in der Fuldaer Bahnhofstra\u00dfe 2.<\/p>\n<\/div>","protected":false},"author":1,"featured_media":0,"comment_status":"closed","ping_status":"closed","sticky":false,"template":"","format":"standard","meta":{"footnotes":""},"categories":[1,72],"tags":[],"class_list":["post-13205","post","type-post","status-publish","format-standard","hentry","category-startseite","category-jugend"],"_links":{"self":[{"href":"https:\/\/www.fuldaernachrichten.de\/index.php?rest_route=\/wp\/v2\/posts\/13205","targetHints":{"allow":["GET"]}}],"collection":[{"href":"https:\/\/www.fuldaernachrichten.de\/index.php?rest_route=\/wp\/v2\/posts"}],"about":[{"href":"https:\/\/www.fuldaernachrichten.de\/index.php?rest_route=\/wp\/v2\/types\/post"}],"author":[{"embeddable":true,"href":"https:\/\/www.fuldaernachrichten.de\/index.php?rest_route=\/wp\/v2\/users\/1"}],"replies":[{"embeddable":true,"href":"https:\/\/www.fuldaernachrichten.de\/index.php?rest_route=%2Fwp%2Fv2%2Fcomments&post=13205"}],"version-history":[{"count":0,"href":"https:\/\/www.fuldaernachrichten.de\/index.php?rest_route=\/wp\/v2\/posts\/13205\/revisions"}],"wp:attachment":[{"href":"https:\/\/www.fuldaernachrichten.de\/index.php?rest_route=%2Fwp%2Fv2%2Fmedia&parent=13205"}],"wp:term":[{"taxonomy":"category","embeddable":true,"href":"https:\/\/www.fuldaernachrichten.de\/index.php?rest_route=%2Fwp%2Fv2%2Fcategories&post=13205"},{"taxonomy":"post_tag","embeddable":true,"href":"https:\/\/www.fuldaernachrichten.de\/index.php?rest_route=%2Fwp%2Fv2%2Ftags&post=13205"}],"curies":[{"name":"wp","href":"https:\/\/api.w.org\/{rel}","templated":true}]}}