{"id":131974,"date":"2014-11-19T00:12:05","date_gmt":"2014-11-19T00:12:05","guid":{"rendered":"http:\/\/www.fuldaer-nachrichten.de\/?p=131974"},"modified":"2014-11-18T15:42:27","modified_gmt":"2014-11-18T15:42:27","slug":"informationen-zu-freiwilligen-diensten-im-in-und-ausland-4","status":"publish","type":"post","link":"https:\/\/www.fuldaernachrichten.de\/?p=131974","title":{"rendered":"Informationen zu Freiwilligen Diensten im In- und Ausland"},"content":{"rendered":"<p>Fulda. Informationen zu Freiwilligen Diensten im In- und Ausland gibt es am 28.11.2014 von 14 bis 16 Uhr. An diesem Tag gibt es die M\u00f6glichkeit, sich \u00fcber Angebote von Freiwilligendiensten (z.B. FSJ) im In- und Ausland (IFWD) im Knotenpunkt f\u00fcr Engagierte, Karlstra\u00dfe 13, 36037 Fulda Tel.: 0661-97429102 zu informieren. Die Freiwilligen der Volunta gGmbH in Hessen bekommen ein Taschengeld und nehmen an regelm\u00e4\u00dfig fortbildenden Seminaren teil, au\u00dferdem haben Sie einen festen p\u00e4dagogischen Ansprechpartner. Weitere Informationen unter <a href=\"http:\/\/www.volunta.de\/\">www.volunta.de<\/a> oder Yvonne B\u00f6hle und Katharina Vetter, die P\u00e4dagogischen Beraterinnen der Volunta gGmbH f\u00fcr den Landkreis Fulda Tel.: 0661\/974291- 01 oder -02<\/p>\n<p>&nbsp;<\/p>\n<p>&nbsp;<\/p>\n","protected":false},"excerpt":{"rendered":"<div class=\"tmnf_excerpt\"><p>Fulda. Informationen zu Freiwilligen Diensten im In- und Ausland gibt es am 28.11.2014 von 14 bis 16 Uhr. An diesem Tag gibt es die M\u00f6glichkeit, sich \u00fcber Angebote von Freiwilligendiensten (z.B. FSJ) im In- und Ausland (IFWD) im Knotenpunkt f\u00fcr Engagierte, Karlstra\u00dfe 13, 36037 Fulda Tel.: 0661-97429102 zu informieren. Die Freiwilligen der Volunta gGmbH in &hellip;<\/p>\n<\/div>","protected":false},"author":1,"featured_media":0,"comment_status":"closed","ping_status":"closed","sticky":false,"template":"","format":"standard","meta":{"footnotes":""},"categories":[1,53,72],"tags":[],"class_list":["post-131974","post","type-post","status-publish","format-standard","hentry","category-startseite","category-bildung","category-jugend"],"_links":{"self":[{"href":"https:\/\/www.fuldaernachrichten.de\/index.php?rest_route=\/wp\/v2\/posts\/131974","targetHints":{"allow":["GET"]}}],"collection":[{"href":"https:\/\/www.fuldaernachrichten.de\/index.php?rest_route=\/wp\/v2\/posts"}],"about":[{"href":"https:\/\/www.fuldaernachrichten.de\/index.php?rest_route=\/wp\/v2\/types\/post"}],"author":[{"embeddable":true,"href":"https:\/\/www.fuldaernachrichten.de\/index.php?rest_route=\/wp\/v2\/users\/1"}],"replies":[{"embeddable":true,"href":"https:\/\/www.fuldaernachrichten.de\/index.php?rest_route=%2Fwp%2Fv2%2Fcomments&post=131974"}],"version-history":[{"count":1,"href":"https:\/\/www.fuldaernachrichten.de\/index.php?rest_route=\/wp\/v2\/posts\/131974\/revisions"}],"predecessor-version":[{"id":131975,"href":"https:\/\/www.fuldaernachrichten.de\/index.php?rest_route=\/wp\/v2\/posts\/131974\/revisions\/131975"}],"wp:attachment":[{"href":"https:\/\/www.fuldaernachrichten.de\/index.php?rest_route=%2Fwp%2Fv2%2Fmedia&parent=131974"}],"wp:term":[{"taxonomy":"category","embeddable":true,"href":"https:\/\/www.fuldaernachrichten.de\/index.php?rest_route=%2Fwp%2Fv2%2Fcategories&post=131974"},{"taxonomy":"post_tag","embeddable":true,"href":"https:\/\/www.fuldaernachrichten.de\/index.php?rest_route=%2Fwp%2Fv2%2Ftags&post=131974"}],"curies":[{"name":"wp","href":"https:\/\/api.w.org\/{rel}","templated":true}]}}