{"id":131942,"date":"2014-11-18T00:09:27","date_gmt":"2014-11-18T00:09:27","guid":{"rendered":"http:\/\/www.fuldaer-nachrichten.de\/?p=131942"},"modified":"2014-11-17T17:49:44","modified_gmt":"2014-11-17T17:49:44","slug":"landkreis-und-stadt-fulda-unterstuetzen-aktionen-zur-lesefoerderung-projekt-lesestart-geht-in-zweite-runde","status":"publish","type":"post","link":"https:\/\/www.fuldaernachrichten.de\/?p=131942","title":{"rendered":"Landkreis und Stadt Fulda unterst\u00fctzen Aktionen zur Lesef\u00f6rderung &#8211; Projekt \u201eLesestart\u201c geht in zweite Runde"},"content":{"rendered":"<div id=\"attachment_131943\" style=\"width: 610px\" class=\"wp-caption alignnone\"><a href=\"http:\/\/www.fuldaer-nachrichten.de\/wp-content\/uploads\/2014\/11\/560-Starterpaket-Lesef\u00f6rderung.jpg\"><img fetchpriority=\"high\" decoding=\"async\" aria-describedby=\"caption-attachment-131943\" class=\"size-full wp-image-131943\" src=\"http:\/\/www.fuldaer-nachrichten.de\/wp-content\/uploads\/2014\/11\/560-Starterpaket-Lesef\u00f6rderung.jpg\" alt=\"In der Hochschul-. Landes- und Stadtbibliothek pr\u00e4sentieren Erster Kreisbeigeordneter Dr. Heiko Wingenfeld, Leiterin Dr. Marianne Riethm\u00fcller, Mitarbeiterin Stephanie Schulz und Oberb\u00fcrgermeister Gerhard M\u00f6ller (v.l.) das Lesestart-Set. Foto: M. Auth\" width=\"600\" height=\"398\" \/><\/a><p id=\"caption-attachment-131943\" class=\"wp-caption-text\">In der Hochschul-. Landes- und Stadtbibliothek pr\u00e4sentieren Erster Kreisbeigeordneter Dr. Heiko Wingenfeld, Leiterin Dr. Marianne Riethm\u00fcller, Mitarbeiterin Stephanie Schulz und Oberb\u00fcrgermeister Gerhard M\u00f6ller (v.l.) das Lesestart-Set. Foto: M. Auth<\/p><\/div>\n<p>Fulda. \u201eBitte anstellen\u201c hei\u00dft es ab Ende dieser Woche f\u00fcr Dreij\u00e4hrige &#8211; nicht in einer Reihe, sondern gem\u00fctlich auf dem Sofa sitzend. Denn so lautet der Titel des Bilderbuchs, das die Kleinen in der zweiten Runde des bundesweiten Projekts \u201eLesestart\u201c in Bibliotheken vom Bundesministerium f\u00fcr Bildung und Forschung und von der Stiftung Lesen geschenkt bekommen. Im Landkreis Fulda haben 19 B\u00fcchereien insgesamt 1365 Lesesets geordert. Zum Set geh\u00f6ren neben dem Bilderbuch mehrsprachige Brosch\u00fcren mit Tipps f\u00fcr Eltern zum altersgem\u00e4\u00dfen Vorlesen und ein Bibliotheken-Wimmelbild.<!--more--><\/p>\n<p>Allein 880 Sets gehen an die Kinder- und Jugendbuchabteilung der Hochschul-, Landes- und Stadtbibliothek Fulda. \u201eDurch unsere F\u00fchrungen unter anderem f\u00fcr Kindergartengruppen haben wir sehr viel Kontakt zu der betreffenden Altersgruppe\u201c, begr\u00fcndet Bibliothekarin Sabine Reichenauer den sehr guten Absatz der ersten Lesestart-Sets, die man sogar nachbestellt habe, weil die Nachfrage gr\u00f6\u00dfer als erwartet gewesen sei. Au\u00dferdem tr\u00e4gt die jeden Mittwochnachmittag stattfindende Vorlesereihe \u201eLeih mir dein Ohr\u201c zur Popularit\u00e4t der Bibliothek am Heinrich-von-Bibra-Platz bei den jungen Besuchern bei. Mit einer Lesung des Leiters des Kulturamtes und des Stadtarchivs, Dr. Thomas Heiler, wird am kommenden Freitag, 21. November, von 10 bis 11 Uhr anl\u00e4sslich des bundesweiten Vorlesetages das dreij\u00e4hrige Bestehen der Veranstaltungsreihe gefeiert.<\/p>\n<p>Das Lesestart-Projekt richtet sich an die Geburtsjahrg\u00e4nge 2010 bis 2012 und startete 2011 damit, dass Einj\u00e4hrige bei der Vorsorgeuntersuchung U6 von teilnehmenden Kinderarztpraxen ein Lesestart-Set I inklusive einem Gutschein f\u00fcr ein Lesestart-Set II erhalten hatten. Dieses wurde ab November 2013 in mehreren Bibliotheken verteilt. Nun ist der Jahrgang der 2011 geborenen Kinder angesprochen, auf die das Buch \u201eBitte anstellen\u201c von Tomoko Ohmura wartet. Ein Gutschein ist nicht erforderlich. Mit der gezielten Herausgabe des Lesesets \u00fcber die B\u00fcchereien soll erreicht werden, dass Familien mit Kleinkindern auf das Angebot der Bibliotheken aufmerksam werden und auch bei bildungsfernen Elternh\u00e4usern so Interesse geweckt wird. Ab 2016 ist die Vergabe von Lesestart-Sets III an Schulanf\u00e4nger geplant. Langfristig soll untersucht werden, ob sich auf diese Weise die Lesekompetenz der Kinder positiv beeinflussen l\u00e4sst.<\/p>\n<p>In anderen B\u00fcchereien im Landkreis war die bisherige Resonanz auf die Initiative dagegen eher verhalten. So h\u00e4tten beispielsweise jene in Ebersburg-Ried, Flieden, Kalbach und Hilders nach Auskunft der Hessischen Fachstelle f\u00fcr \u00d6ffentliche Bibliotheken keine neuen Sets bestellt, da ihnen noch gen\u00fcgend Restbest\u00e4nde der ersten Lieferung mit dem Buch \u201eApfelsaft holen\u201c vorl\u00e4gen. Die drei kooperierenden Ulstertal-B\u00fcchereien in Hilders, Simmershausen und W\u00fcstensachsen haben zusammen knapp 100 Sets verteilt. \u201eWir haben uns f\u00fcr die zweite Runde vorgenommen, nach Weihnachten \u00fcber die Kinderg\u00e4rten noch mehr Eltern auf das Projekt aufmerksam zu machen\u201c, sagt Andrea D\u00e4nner, Mitarbeiterin der Pfarr- und Gemeindeb\u00fccherei im Hilderser Ortsteil Simmershausen.<\/p>\n<p>Als offizieller Start f\u00fcr die Verteilung der Bilderb\u00fccher ist der bundesweite Vorlesetag am kommenden Freitag, 21. November, vorgesehen. Am Ende der Geschichte \u201eBitte anstellen\u201c k\u00fcndigt das Nashorn an: \u201eIch komme bald wieder\u201c \u2013 ein Vorsatz, den sich die Initiatoren auch von den Abholern des Lesestart-Sets erhoffen. Weitere Informationen unter <a href=\"http:\/\/www.lesestart.de\">www.lesestart.de<\/a><\/p>\n<p>Diese B\u00fcchereien halten Lesestart-Sets bereit:<\/p>\n<p>Hochschul-, Landes- und Stadtbibliothek Fulda (Heinrich-von-Bibra-Platz 12), Stadtbibliothek H\u00fcnfeld (Lindenstra\u00dfe 8), Gemeindeb\u00fccherei K\u00fcnzell (Unterer Ortesweg 23), Pfarr- und Gemeindeb\u00fccherei Flieden (Hauptstra\u00dfe 23), B\u00fcchereien W\u00fcstensachsen (Georg-Meilinger-Stra\u00dfe 3), Simmershausen (J.-Kessler-Str. 2) und Hilders (Schulstr. 2), Gemeindeb\u00fccherei und K\u00d6B (katholische \u00f6ffentliche B\u00fccherei) St. Maria Himmelfahrt in Neuhof (Vinzenzstr. 4), K\u00d6B B\u00fcchenberg und Heilig Kreuz L\u00fctter in Eichenzell, Gemeinde- und Pfarrb\u00fccherei Kerzell (M\u00fchlenstra\u00dfe 22), K\u00d6B St. Georg in Eiterfeld (Amtsgericht 4), Gemeindeb\u00fcchereien Kalbach (Gemeindeverwaltung) und Niederkalbach (Altes Dorfgemeinschaftshaus), K\u00d6B St. Kilian Ried in Ebersburg (Sandgasse 2), Treffpunkt B\u00fccherei in Poppenhausen (Marktplatz), Gemeindeb\u00fccherei Bad Salzschlirf und Evangelische Gemeindeb\u00fccherei in Gro\u00dfenl\u00fcder.<\/p>\n","protected":false},"excerpt":{"rendered":"<div class=\"tmnf_excerpt\"><p>Fulda. \u201eBitte anstellen\u201c hei\u00dft es ab Ende dieser Woche f\u00fcr Dreij\u00e4hrige &#8211; nicht in einer Reihe, sondern gem\u00fctlich auf dem Sofa sitzend. Denn so lautet der Titel des Bilderbuchs, das die Kleinen in der zweiten Runde des bundesweiten Projekts \u201eLesestart\u201c in Bibliotheken vom Bundesministerium f\u00fcr Bildung und Forschung und von der Stiftung Lesen geschenkt bekommen. &hellip;<\/p>\n<\/div>","protected":false},"author":1,"featured_media":0,"comment_status":"closed","ping_status":"closed","sticky":false,"template":"","format":"standard","meta":{"footnotes":""},"categories":[1,53,78],"tags":[],"class_list":["post-131942","post","type-post","status-publish","format-standard","hentry","category-startseite","category-bildung","category-topthema"],"_links":{"self":[{"href":"https:\/\/www.fuldaernachrichten.de\/index.php?rest_route=\/wp\/v2\/posts\/131942","targetHints":{"allow":["GET"]}}],"collection":[{"href":"https:\/\/www.fuldaernachrichten.de\/index.php?rest_route=\/wp\/v2\/posts"}],"about":[{"href":"https:\/\/www.fuldaernachrichten.de\/index.php?rest_route=\/wp\/v2\/types\/post"}],"author":[{"embeddable":true,"href":"https:\/\/www.fuldaernachrichten.de\/index.php?rest_route=\/wp\/v2\/users\/1"}],"replies":[{"embeddable":true,"href":"https:\/\/www.fuldaernachrichten.de\/index.php?rest_route=%2Fwp%2Fv2%2Fcomments&post=131942"}],"version-history":[{"count":1,"href":"https:\/\/www.fuldaernachrichten.de\/index.php?rest_route=\/wp\/v2\/posts\/131942\/revisions"}],"predecessor-version":[{"id":131944,"href":"https:\/\/www.fuldaernachrichten.de\/index.php?rest_route=\/wp\/v2\/posts\/131942\/revisions\/131944"}],"wp:attachment":[{"href":"https:\/\/www.fuldaernachrichten.de\/index.php?rest_route=%2Fwp%2Fv2%2Fmedia&parent=131942"}],"wp:term":[{"taxonomy":"category","embeddable":true,"href":"https:\/\/www.fuldaernachrichten.de\/index.php?rest_route=%2Fwp%2Fv2%2Fcategories&post=131942"},{"taxonomy":"post_tag","embeddable":true,"href":"https:\/\/www.fuldaernachrichten.de\/index.php?rest_route=%2Fwp%2Fv2%2Ftags&post=131942"}],"curies":[{"name":"wp","href":"https:\/\/api.w.org\/{rel}","templated":true}]}}