{"id":131852,"date":"2014-11-14T00:13:09","date_gmt":"2014-11-14T00:13:09","guid":{"rendered":"http:\/\/www.fuldaer-nachrichten.de\/?p=131852"},"modified":"2014-11-13T13:08:03","modified_gmt":"2014-11-13T13:08:03","slug":"stadt-fulda-lehnt-die-trassenkorridore-fuer-suedlink-entschieden-ab","status":"publish","type":"post","link":"https:\/\/www.fuldaernachrichten.de\/?p=131852","title":{"rendered":"Stadt Fulda lehnt die Trassenkorridore f\u00fcr \u201eSuedLink\u201c entschieden ab"},"content":{"rendered":"<p>Fulda (mb). Nach der Demonstration im Ehrenhof des Schlosses, einer anschlie\u00dfenden Gespr\u00e4chsrunde mit den Ortsvorstehern der Stadt hat sich nun auch der Fuldaer Magistrat mit den vom Netzbetreiber Tennet vor kurzem \u00fcberraschend vorgestellten Alternativtrassen-Korridoren f\u00fcr die H\u00f6chstspannungsleitung \u201eSuedLink\u201c im Fuldaer Westen besch\u00e4ftigt. Klares Ergebnis der Debatte: Unbeschadet der noch folgenden raumordnerischen und Planfeststellungsverfahren lehnt die Stadt Fulda die jetzt in die Diskussion gebrachten Alternativvarianten entschieden ab. <!--more--><\/p>\n<p>Die Trassen-Korridore w\u00fcrden nach dem derzeitigen Stand der Planungen in einer Breite von rund 1.000 Metern die Gemarkungen von 10 Stadtteilen durchschneiden. Damit, so begr\u00fcndete Fuldas Oberb\u00fcrgermeister Gerhard M\u00f6ller die aktuelle Vorlage des Magistrats an die Stadtverordnetenversammlung, seien die \u201eInteressen Fuldas an der im Westen lebenden Stadtteilbewohner massiv betroffen.\u201c<\/p>\n<p><strong>Klarheit herstellen<\/strong><\/p>\n<p>In \u00dcbereinstimmung mit der vom Kreistag von Fulda am 12. Oktober verabschiedeten Resolution fordert der Magistrat die Bundesregierung und die Hessische Landesregierung auf, Klarheit dar\u00fcber herzustellen, ob f\u00fcr die in Planung befindliche Stromleitung \u201eSuedLink\u201c nach wie vor eine energiewirtschaftliche Notwendigkeit besteht. Bei einem z\u00fcgigen, dezentralen, effektiven und b\u00fcrgernahen Ausbau erneuerbarer Energie wie Wind- und Solarenergie sowie Investitionen in Speichertechnologien und einem gr\u00f6\u00dferen Engagement im Bereich Energieeinsparung k\u00f6nnte sich nach Worten M\u00f6llers der Bedarf dieser Leitung er\u00fcbrigen. Sollte die Leitung aber nach wie vor notwendig sein, ist bei einer Trassenf\u00fchrung durch das Kreisgebiet die Trassenvariante \u201eOst\u201c, also durch Sachsen-Anhalt und Th\u00fcringen zu favorisieren.<\/p>\n<p>M\u00f6ller forderte Bund und Land deshalb auf, sich f\u00fcr diese Trassenvariante einzusetzen. Verfahrensm\u00e4\u00dfig sei von der Weiterf\u00fchrung solange abzusehen, wie auch f\u00fcr die Weiterf\u00fchrung in Bayern durch das von dort eingeforderte Moratorium keine Klarheit besteht. F\u00fcr die Stadt Fulda ist klar, sollte unbeschadet dieser Forderung das Projekt der \u201eSuedLink\u201c-Trasse weitergef\u00fchrt werden, d\u00fcrfe \u201eunter keinen Umst\u00e4nden im weiteren Verfahren die alternative Trassenf\u00fchrung durch den Westen unserer Stadt weiterverfolgt werden.\u201c Die Korridor-Varianten tangieren zum Teil in erheblichem Umfange alle zu beachtenden Schutzg\u00fcter: Siedlungsgebiete, Natur und Landschaft, Wasserschutzgebiete, Landwirtschaft, Tourismus und Erholung, Faune und Flora.<\/p>\n<p>Die zahlreichen Vorranggebiete f\u00fcr sch\u00fctzenswerte G\u00fcter machen aus Sicht des Oberb\u00fcrgermeisters deutlich, dass aufgrund hoher Raumwiderst\u00e4nde die jetzt ins Spiel gebrachten westlichen Alternativ-Trassen aus der weiteren Diskussion der Korridore ausscheiden m\u00fcssen. Fuldas Verwaltungschef w\u00f6rtlich: \u201eWir fordern deshalb noch einmal eindringlich den Trassenbetreiber Tennet wie auch die Bundesnetzagentur auf, die alternativen Trassenkorridore im Westen unserer Stadt aus dem Verfahren herauszunehmen und nicht weiter zu verfolgen.\u201c Die Leistungsf\u00e4higkeit des Oberzentrums Fulda sei f\u00fcr die Entwicklung der Gesamtregion von entscheidender Bedeutung. Sie d\u00fcrfe nicht durch weitere massive Einschr\u00e4nkungen bedroht oder gar behindert werden.<\/p>\n","protected":false},"excerpt":{"rendered":"<div class=\"tmnf_excerpt\"><p>Fulda (mb). Nach der Demonstration im Ehrenhof des Schlosses, einer anschlie\u00dfenden Gespr\u00e4chsrunde mit den Ortsvorstehern der Stadt hat sich nun auch der Fuldaer Magistrat mit den vom Netzbetreiber Tennet vor kurzem \u00fcberraschend vorgestellten Alternativtrassen-Korridoren f\u00fcr die H\u00f6chstspannungsleitung \u201eSuedLink\u201c im Fuldaer Westen besch\u00e4ftigt. Klares Ergebnis der Debatte: Unbeschadet der noch folgenden raumordnerischen und Planfeststellungsverfahren lehnt die &hellip;<\/p>\n<\/div>","protected":false},"author":1,"featured_media":0,"comment_status":"closed","ping_status":"closed","sticky":false,"template":"","format":"standard","meta":{"footnotes":""},"categories":[1,35],"tags":[],"class_list":["post-131852","post","type-post","status-publish","format-standard","hentry","category-startseite","category-auto"],"_links":{"self":[{"href":"https:\/\/www.fuldaernachrichten.de\/index.php?rest_route=\/wp\/v2\/posts\/131852","targetHints":{"allow":["GET"]}}],"collection":[{"href":"https:\/\/www.fuldaernachrichten.de\/index.php?rest_route=\/wp\/v2\/posts"}],"about":[{"href":"https:\/\/www.fuldaernachrichten.de\/index.php?rest_route=\/wp\/v2\/types\/post"}],"author":[{"embeddable":true,"href":"https:\/\/www.fuldaernachrichten.de\/index.php?rest_route=\/wp\/v2\/users\/1"}],"replies":[{"embeddable":true,"href":"https:\/\/www.fuldaernachrichten.de\/index.php?rest_route=%2Fwp%2Fv2%2Fcomments&post=131852"}],"version-history":[{"count":1,"href":"https:\/\/www.fuldaernachrichten.de\/index.php?rest_route=\/wp\/v2\/posts\/131852\/revisions"}],"predecessor-version":[{"id":131853,"href":"https:\/\/www.fuldaernachrichten.de\/index.php?rest_route=\/wp\/v2\/posts\/131852\/revisions\/131853"}],"wp:attachment":[{"href":"https:\/\/www.fuldaernachrichten.de\/index.php?rest_route=%2Fwp%2Fv2%2Fmedia&parent=131852"}],"wp:term":[{"taxonomy":"category","embeddable":true,"href":"https:\/\/www.fuldaernachrichten.de\/index.php?rest_route=%2Fwp%2Fv2%2Fcategories&post=131852"},{"taxonomy":"post_tag","embeddable":true,"href":"https:\/\/www.fuldaernachrichten.de\/index.php?rest_route=%2Fwp%2Fv2%2Ftags&post=131852"}],"curies":[{"name":"wp","href":"https:\/\/api.w.org\/{rel}","templated":true}]}}