{"id":131815,"date":"2014-11-13T00:14:00","date_gmt":"2014-11-13T00:14:00","guid":{"rendered":"http:\/\/www.fuldaer-nachrichten.de\/?p=131815"},"modified":"2014-11-12T16:55:12","modified_gmt":"2014-11-12T16:55:12","slug":"kinderleicht-gesund-wie-essen-und-trinken-zum-genuss-fuer-die-ganze-familie-wird","status":"publish","type":"post","link":"https:\/\/www.fuldaernachrichten.de\/?p=131815","title":{"rendered":"\u201eKinderleicht gesund \u2013 wie Essen und Trinken zum Genuss f\u00fcr die ganze Familie wird!\u201c"},"content":{"rendered":"<p>Fulda. Ich muss mich entscheiden: Gesunder Asket oder kranker Genie\u00dfer! Um schlank und fit zu sein, muss ich harte Opfer bringen oder ich gebe meinen Gel\u00fcsten nach und riskiere meine Gesundheit oder zumindest meine Fitness. In Familien kommt noch hinzu, dass wir Verantwortung tragen f\u00fcr unsere Kinder und die essen und trinken leider meist lieber Cola und Pommes als Tee und M\u00fcsli. Was tr\u00e4gt zur gesunden Ern\u00e4hrung bei? Dieser Frage stellen sich Frau Dr. Stefanie Andr\u00e9 (\u00d6kotrophologin &#8211; Leiterin Netzwerk Gesundheit der Bahn BKK) und Herr Prof. Dr. Reinald Repp (Mediziner &#8211; Leiter der Klinik f\u00fcr Kinder- und Jugendmedizin Klinikum Fulda).<!--more--><\/p>\n<p>Samstag, 22.11.2014 von 09.00 \u2013 16.00 Uhr in der Familienbildungsst\u00e4tte Fulda, Neuenberger Str. 3-5 (Parkplatz Andreasberg mit ausreichend Pl\u00e4tzen. In der Teilnehmergeb\u00fchr von 10,- \u00e2\u201a\u00ac je erwachsener Person sind Tagungskosten, Mittagessen und Kinderbetreuung enthalten. Sie erleichtern die Planung, wenn Sie sich bis sp\u00e4testens 17.11. anmelden: Tel. 0661\/87294 oder E-Mail: familienbund@bistum-fulda.de<\/p>\n","protected":false},"excerpt":{"rendered":"<div class=\"tmnf_excerpt\"><p>Fulda. Ich muss mich entscheiden: Gesunder Asket oder kranker Genie\u00dfer! Um schlank und fit zu sein, muss ich harte Opfer bringen oder ich gebe meinen Gel\u00fcsten nach und riskiere meine Gesundheit oder zumindest meine Fitness. In Familien kommt noch hinzu, dass wir Verantwortung tragen f\u00fcr unsere Kinder und die essen und trinken leider meist lieber &hellip;<\/p>\n<\/div>","protected":false},"author":1,"featured_media":0,"comment_status":"closed","ping_status":"closed","sticky":false,"template":"","format":"standard","meta":{"footnotes":""},"categories":[1,37],"tags":[],"class_list":["post-131815","post","type-post","status-publish","format-standard","hentry","category-startseite","category-essen-und-trinken"],"_links":{"self":[{"href":"https:\/\/www.fuldaernachrichten.de\/index.php?rest_route=\/wp\/v2\/posts\/131815","targetHints":{"allow":["GET"]}}],"collection":[{"href":"https:\/\/www.fuldaernachrichten.de\/index.php?rest_route=\/wp\/v2\/posts"}],"about":[{"href":"https:\/\/www.fuldaernachrichten.de\/index.php?rest_route=\/wp\/v2\/types\/post"}],"author":[{"embeddable":true,"href":"https:\/\/www.fuldaernachrichten.de\/index.php?rest_route=\/wp\/v2\/users\/1"}],"replies":[{"embeddable":true,"href":"https:\/\/www.fuldaernachrichten.de\/index.php?rest_route=%2Fwp%2Fv2%2Fcomments&post=131815"}],"version-history":[{"count":1,"href":"https:\/\/www.fuldaernachrichten.de\/index.php?rest_route=\/wp\/v2\/posts\/131815\/revisions"}],"predecessor-version":[{"id":131816,"href":"https:\/\/www.fuldaernachrichten.de\/index.php?rest_route=\/wp\/v2\/posts\/131815\/revisions\/131816"}],"wp:attachment":[{"href":"https:\/\/www.fuldaernachrichten.de\/index.php?rest_route=%2Fwp%2Fv2%2Fmedia&parent=131815"}],"wp:term":[{"taxonomy":"category","embeddable":true,"href":"https:\/\/www.fuldaernachrichten.de\/index.php?rest_route=%2Fwp%2Fv2%2Fcategories&post=131815"},{"taxonomy":"post_tag","embeddable":true,"href":"https:\/\/www.fuldaernachrichten.de\/index.php?rest_route=%2Fwp%2Fv2%2Ftags&post=131815"}],"curies":[{"name":"wp","href":"https:\/\/api.w.org\/{rel}","templated":true}]}}