{"id":13181,"date":"2008-10-30T01:59:47","date_gmt":"2008-10-30T00:59:47","guid":{"rendered":"http:\/\/www.schoene-nachrichten.de\/?p=13181"},"modified":"2008-10-30T07:11:09","modified_gmt":"2008-10-30T06:11:09","slug":"bjoern-mohr-und-oliver-becker-beenden-erste-hjs-diesel-masters-saison-als-gesamtdritte","status":"publish","type":"post","link":"https:\/\/www.fuldaernachrichten.de\/?p=13181","title":{"rendered":"Bj\u00f6rn Mohr und Oliver Becker beenden erste HJS-Diesel-Masters Saison als Gesamtdritte"},"content":{"rendered":"<p><a title=\"Foto: Marco Hellwig\" rel=\"lightbox[roadtrip]\" href=\"http:\/\/www.schoene-nachrichten.de\/wp-content\/uploads\/2008\/Marco\/081029_rallye.jpg\" target=\"_blank\"><img decoding=\"async\" src=\"http:\/\/www.schoene-nachrichten.de\/wp-content\/uploads\/2008\/Marco\/081029_rallye.thumbnail.jpg\" alt=\"Foto: Marco Hellwig\" hspace=\"5\" width=\"128\" align=\"left\" \/><\/a><strong>Motorsport.<\/strong> Das Saisonfinale der HJS-Diesel-Rallye-Masters 2008 wurde am vergangenen Wochenende im Rahmen der 45. ADAC 3-St\u00e4dte Rallye im bayerischen Kirchham ausgetragen. Bei der insgesamt sehr gut organisierten 3-St\u00e4dte Rallye belegten Bj\u00f6rn und Olli nach harten &#8220;Sekundenduellen&#8221; mit Konstantin Keil und Bernd Hosse mit knapp 14 Sekunden R\u00fcckstand den dritten Platz in der HJS-Laufwertung und damit den dritten Platz in der Meitserschaft.<!--more--><\/p>\n<p>Bj\u00f6rn und Olli, Rookies in der Diesel-Meisterschaft, sind sehr zufrieden mit dem dritten Platz am Ende der Saison, besonders wenn man bedenkt, dass s\u00e4mtliche zur Meisterschaft geh\u00f6renden Veranstaltungen zum ersten mal von den beiden in Angriff genommen wurde und zu Saisonbeginn doch eine gewisse Eingew\u00f6hnung an den Opel Astra GTC cdti erfolgen musste.<\/p>\n<p>&#8220;Die Gesamte Saison ist besser gelaufen, als wir vor Beginn je erwartet h\u00e4tten&#8221; so Mohr. In den kommenden Tagen entscheidet sich, ob Bj\u00f6rn und Olli am weiteren Finallauf zur ADAC-Rallye-Master, der Atlantis-Rallye, teilnehmen werden, um in der Gesamtwertung noch unter die besten zehn Teams zu kommen. Als Saisonabschluss ist die Teinahme am <a title=\"rallyesprint.eu\" href=\"http:\/\/www.rallyesprint.eu\" target=\"_blank\">rallyesprint.eu<\/a>\u00c2\u00a0geplant, sofern die Nennung durch den Veranstalter best\u00e4tigt wird. Gro\u00dfer Dank gilt besonders den Sponsoren des Teams, die ihnen die Teilnahme an allen Saisonl\u00e4ufen erm\u00f6glichten.<\/p>\n","protected":false},"excerpt":{"rendered":"<div class=\"tmnf_excerpt\"><p>Motorsport. Das Saisonfinale der HJS-Diesel-Rallye-Masters 2008 wurde am vergangenen Wochenende im Rahmen der 45. ADAC 3-St\u00e4dte Rallye im bayerischen Kirchham ausgetragen. Bei der insgesamt sehr gut organisierten 3-St\u00e4dte Rallye belegten Bj\u00f6rn und Olli nach harten &#8220;Sekundenduellen&#8221; mit Konstantin Keil und Bernd Hosse mit knapp 14 Sekunden R\u00fcckstand den dritten Platz in der HJS-Laufwertung und damit &hellip;<\/p>\n<\/div>","protected":false},"author":1,"featured_media":0,"comment_status":"closed","ping_status":"closed","sticky":false,"template":"","format":"standard","meta":{"footnotes":""},"categories":[1,35,46],"tags":[],"class_list":["post-13181","post","type-post","status-publish","format-standard","hentry","category-startseite","category-auto","category-sport"],"_links":{"self":[{"href":"https:\/\/www.fuldaernachrichten.de\/index.php?rest_route=\/wp\/v2\/posts\/13181","targetHints":{"allow":["GET"]}}],"collection":[{"href":"https:\/\/www.fuldaernachrichten.de\/index.php?rest_route=\/wp\/v2\/posts"}],"about":[{"href":"https:\/\/www.fuldaernachrichten.de\/index.php?rest_route=\/wp\/v2\/types\/post"}],"author":[{"embeddable":true,"href":"https:\/\/www.fuldaernachrichten.de\/index.php?rest_route=\/wp\/v2\/users\/1"}],"replies":[{"embeddable":true,"href":"https:\/\/www.fuldaernachrichten.de\/index.php?rest_route=%2Fwp%2Fv2%2Fcomments&post=13181"}],"version-history":[{"count":0,"href":"https:\/\/www.fuldaernachrichten.de\/index.php?rest_route=\/wp\/v2\/posts\/13181\/revisions"}],"wp:attachment":[{"href":"https:\/\/www.fuldaernachrichten.de\/index.php?rest_route=%2Fwp%2Fv2%2Fmedia&parent=13181"}],"wp:term":[{"taxonomy":"category","embeddable":true,"href":"https:\/\/www.fuldaernachrichten.de\/index.php?rest_route=%2Fwp%2Fv2%2Fcategories&post=13181"},{"taxonomy":"post_tag","embeddable":true,"href":"https:\/\/www.fuldaernachrichten.de\/index.php?rest_route=%2Fwp%2Fv2%2Ftags&post=13181"}],"curies":[{"name":"wp","href":"https:\/\/api.w.org\/{rel}","templated":true}]}}