{"id":131690,"date":"2014-11-11T00:09:24","date_gmt":"2014-11-11T00:09:24","guid":{"rendered":"http:\/\/www.fuldaer-nachrichten.de\/?p=131690"},"modified":"2014-11-10T17:28:04","modified_gmt":"2014-11-10T17:28:04","slug":"fd-facebook-botschafter-erhalten-verstaerkung-aus-dem-landratsamt","status":"publish","type":"post","link":"https:\/\/www.fuldaernachrichten.de\/?p=131690","title":{"rendered":"FD-Facebook Botschafter erhalten Verst\u00e4rkung aus dem Landratsamt"},"content":{"rendered":"<p><a href=\"http:\/\/www.fuldaer-nachrichten.de\/wp-content\/uploads\/2014\/11\/546-Facebook.jpg\"><img fetchpriority=\"high\" decoding=\"async\" class=\"alignnone size-full wp-image-131691\" src=\"http:\/\/www.fuldaer-nachrichten.de\/wp-content\/uploads\/2014\/11\/546-Facebook.jpg\" alt=\"546-Facebook\" width=\"560\" height=\"359\" \/><\/a><\/p>\n<p>Fulda. Eigentlich ist Erster Kreisbeigeordnete Dr. Heiko Wingenfeld ein erfahrener Verwaltungsfachmann, der sich eher ungern auf unsicheres Terrain begibt. Aber bei Facebook hat der 41-j\u00e4hrige jetzt Neuland betreten. \u201eIch bin hier noch unerfahren und gespannt, was mich erwartet\u201c, sagte er. Erwartet hat den Vize-Landrat die Runde der Facebook-Botschafter der Markenkampagne FD, die ehrenamtlich den Facebook-Auftritt von Region Fulda pflegen.<!--more--><\/p>\n<p>Etwa viermal j\u00e4hrlich kommt der zehnk\u00f6pfige Kreis, der von Sonja Neidhardt (Compositum) und ihrer Schwester Anika Wuttke (Creart) betreut wird, zusammen. Regionalmanager Christoph Burkard, federf\u00fchrend verantwortlich f\u00fcr die Markenkampagne FD, informiert dann \u00fcber Neuerungen in der Marketingstrategie und greift Anregungen der Facebook-Botschafter auf. Es wird aber auch der Facebook-Alltag besprochen. Sonja Neidhardt: \u201eWir haben uns als Verfassung eine Nettiquette f\u00fcr den Facebook-Auftritt der Region Fulda gegeben, die von den Redakteuren \u00fcberwacht wird.\u201c So sollen die mehr als 3.600 Facebook-Freunde keine politische Werbung, keine Produktwerbung, keine Beschimpfungen und Verunglimpfungen und selbstverst\u00e4ndlich nichts Anst\u00f6\u00dfiges oder Rassistisches posten.<\/p>\n<p>Ziel der Redaktionstreffen ist sowohl der Austausch von Neuigkeiten als auch das pers\u00f6nliche Gespr\u00e4ch, quasi Face-to-Face. So lie\u00df sich Dr. Wingenfeld nicht nur erkl\u00e4ren, wie der Redaktionsalltag funktioniert, sondern wollte auch einmal die Redakteure pers\u00f6nlich kennen lernen: Michael Engels, Gesch\u00e4ftsf\u00fchrer der Kalbacher Desoi GmbH, Alexander Wuttke, selbst\u00e4ndiger Architekt und Vorsitzender der Fuldaer Wirtschaftsjunioren, Robert Gro\u00df, selbst\u00e4ndiger Fotograf, Mischa Krewer und Oliver Baumgart, die Inhaber des Sneakerstore 43einhalb in Fulda, Petra Koch vom IT-Verein Zeitsprung, Patrick Bohl, Inhaber des Catering-Service Genus-hoch-drei, Christian Sch\u00e4fer, IT-Systemadministrator der H\u00fcnfelder Firma Peritia-Tec, und Corina B\u00fcchner, Gr\u00fcnderin der Facebook-Seite \u201eDu bist f\u00f6lsch\u00e2\u20ac\u00a6\u201c.<\/p>\n<p>Und auch eine Neuigkeit hatte der Vize-Landrat parat. Eine Projektgruppe der Kreisverwaltung hat sich intensiv mit dem Thema Facebook besch\u00e4ftigt. Am Ende stand eine Liste von Themen, die die Verwaltung \u00fcber Facebook kommunizieren m\u00f6chte, aber auch das Bewusstsein, keinen eigenen Facebook-Auftritt stemmen zu wollen. Stattdessen wird sich der Landkreis Fulda dem Facebook-Auftritt Region Fulda anschlie\u00dfen. Dr. Wingenfeld: \u201eWas ist die Region Fulda denn anderes als der Landkreis Fulda. Die Synergie hat sich f\u00f6rmlich angeboten.\u201c Und die Zusammenarbeit mit dem Landkreis bedeutet auch Verst\u00e4rkung f\u00fcr das Redaktionsteam. K\u00fcnftig werden Michael Perplies aus der Finanzabteilung des Landkreises, Sara Wehner aus dem Jugendamt und Tanja Gilbert aus dem B\u00fcro der Verwaltungsleitung die Gruppe verst\u00e4rken.<\/p>\n<p>Dr. Heiko Wingenfeld ist schon gespannt, wie sich die neue Facebook-Kooperation bew\u00e4hrt. \u201eFacebook ist f\u00fcr uns auch ein Element der direkten Feedback-Kultur.\u201c Anders als bei der traditionellen Pressearbeit werden hier aber eher Themen behandelt, die sich mit der Lebensqualit\u00e4t in der Region besch\u00e4ftigen. Dabei sind Fotos von einem m\u00e4rchenhaften Sonnenuntergang in der Rh\u00f6n f\u00fcr die Facebook-Nutzer h\u00e4ufig wichtiger als Zahlen aus dem Kreishaushalt. Und noch etwas ist bei Facebook anders als in der \u00f6ffentlichen Verwaltung. Die meisten Posts erfolgen spontan und mittlerweile \u00fcber die mobilen Telefone. In jedem Fall sollten die Facebook-Freunde der Region Fulda die neuen M\u00f6glichkeiten nutzen, um Anregungen, Kritik und vielleicht auch Lob \u00fcber diesen Kommunikationskanal zu verbreiten. <a href=\"http:\/\/www.facebook.com\/Region\">www.facebook.com\/Region<\/a> Fulda (Foto: Marzena Traber)<\/p>\n","protected":false},"excerpt":{"rendered":"<div class=\"tmnf_excerpt\"><p>Fulda. Eigentlich ist Erster Kreisbeigeordnete Dr. Heiko Wingenfeld ein erfahrener Verwaltungsfachmann, der sich eher ungern auf unsicheres Terrain begibt. Aber bei Facebook hat der 41-j\u00e4hrige jetzt Neuland betreten. \u201eIch bin hier noch unerfahren und gespannt, was mich erwartet\u201c, sagte er. Erwartet hat den Vize-Landrat die Runde der Facebook-Botschafter der Markenkampagne FD, die ehrenamtlich den Facebook-Auftritt &hellip;<\/p>\n<\/div>","protected":false},"author":1,"featured_media":0,"comment_status":"closed","ping_status":"closed","sticky":false,"template":"","format":"standard","meta":{"footnotes":""},"categories":[1,29,78],"tags":[],"class_list":["post-131690","post","type-post","status-publish","format-standard","hentry","category-startseite","category-politik","category-topthema"],"_links":{"self":[{"href":"https:\/\/www.fuldaernachrichten.de\/index.php?rest_route=\/wp\/v2\/posts\/131690","targetHints":{"allow":["GET"]}}],"collection":[{"href":"https:\/\/www.fuldaernachrichten.de\/index.php?rest_route=\/wp\/v2\/posts"}],"about":[{"href":"https:\/\/www.fuldaernachrichten.de\/index.php?rest_route=\/wp\/v2\/types\/post"}],"author":[{"embeddable":true,"href":"https:\/\/www.fuldaernachrichten.de\/index.php?rest_route=\/wp\/v2\/users\/1"}],"replies":[{"embeddable":true,"href":"https:\/\/www.fuldaernachrichten.de\/index.php?rest_route=%2Fwp%2Fv2%2Fcomments&post=131690"}],"version-history":[{"count":1,"href":"https:\/\/www.fuldaernachrichten.de\/index.php?rest_route=\/wp\/v2\/posts\/131690\/revisions"}],"predecessor-version":[{"id":131692,"href":"https:\/\/www.fuldaernachrichten.de\/index.php?rest_route=\/wp\/v2\/posts\/131690\/revisions\/131692"}],"wp:attachment":[{"href":"https:\/\/www.fuldaernachrichten.de\/index.php?rest_route=%2Fwp%2Fv2%2Fmedia&parent=131690"}],"wp:term":[{"taxonomy":"category","embeddable":true,"href":"https:\/\/www.fuldaernachrichten.de\/index.php?rest_route=%2Fwp%2Fv2%2Fcategories&post=131690"},{"taxonomy":"post_tag","embeddable":true,"href":"https:\/\/www.fuldaernachrichten.de\/index.php?rest_route=%2Fwp%2Fv2%2Ftags&post=131690"}],"curies":[{"name":"wp","href":"https:\/\/api.w.org\/{rel}","templated":true}]}}