{"id":131610,"date":"2014-11-08T00:09:36","date_gmt":"2014-11-08T00:09:36","guid":{"rendered":"http:\/\/www.fuldaer-nachrichten.de\/?p=131610"},"modified":"2014-11-07T13:42:55","modified_gmt":"2014-11-07T13:42:55","slug":"luftaufnahmen-mit-der-drohne-bieten-auch-im-landkreis-spektakulaere-neue-ansichten","status":"publish","type":"post","link":"https:\/\/www.fuldaernachrichten.de\/?p=131610","title":{"rendered":"Luftaufnahmen mit der Drohne bieten auch im Landkreis spektakul\u00e4re neue Ansichten"},"content":{"rendered":"<div id=\"attachment_131611\" style=\"width: 570px\" class=\"wp-caption alignnone\"><a href=\"http:\/\/www.fuldaer-nachrichten.de\/wp-content\/uploads\/2014\/11\/540-Wieloch-Jochen.jpg\"><img fetchpriority=\"high\" decoding=\"async\" aria-describedby=\"caption-attachment-131611\" class=\"size-full wp-image-131611\" src=\"http:\/\/www.fuldaer-nachrichten.de\/wp-content\/uploads\/2014\/11\/540-Wieloch-Jochen.jpg\" alt=\"Jochen Wieloch aus Petersberg er\u00f6ffnet gewerblichen Kunden mit seiner Drohne neue M\u00f6glichkeiten der Vermarktung.                 Foto: privat\" width=\"560\" height=\"410\" \/><\/a><p id=\"caption-attachment-131611\" class=\"wp-caption-text\">Jochen Wieloch aus Petersberg er\u00f6ffnet gewerblichen Kunden mit seiner Drohne neue M\u00f6glichkeiten der Vermarktung. Foto: privat<\/p><\/div>\n<p>Fulda. Ein Bild sagt mehr als tausend Worte, ein Tiefflug \u00fcbers idyllische Landhotel offenbart die Vorz\u00fcge des Ausflugsziels in wenigen Sekunden: Mit moderner Foto- und Videotechnik ausgestattete Drohnen sind auch im Landkreis Fulda unauff\u00e4llig unterwegs, um Gesch\u00e4ftskunden bewegende Argumente an die Hand zu geben.<!--more--><\/p>\n<p>\u00dcber der Waldlichtung geht ein surrender Sp\u00e4her in Stellung. Eine Rotation der Bord-Kamera, schon ist die Umgebung inklusive traumhaftem Sonnenuntergang im Kasten. Pilot Jochen Wieloch \u00fcberpr\u00fcft am Boden das Bildmaterial: \u201eViele sind baff, wenn sie ihre vertraute Umgebung zum ersten Mal aus der Vogelperspektive sehen. Die Luftbilder sprechen zudem eine gro\u00dfe Kundenklientel an: Makler, Architekten, Hoteliers, Planungsb\u00fcros \u2013 schnell, gut und g\u00fcnstig k\u00f6nnen die Aufnahmen vor allem gegen\u00fcber konventionellen Bildern aus dem Flugzeug punkten\u201c, erkl\u00e4rt der Petersberger, f\u00fcr den die Robo-Fotografie anfangs eine Erg\u00e4nzung seines Medien-Portfolios darstellte.<\/p>\n<p>\u201eIch betreibe seit sieben Jahren ein Redaktionsb\u00fcro. Neben Presse-, \u00d6ffentlichkeits- und PR-Arbeit f\u00fcr Unternehmen erstelle ich die Luftaufnahmen, um Gesch\u00e4ftskunden ungew\u00f6hnliche Perspektiven und neue M\u00f6glichkeiten der Vermarktung an die Hand zu geben. Die richtige Mischung aus Bodenaufnahmen, Au\u00dfen- und Innenansichten macht den Imagefilm zum Hingucker. Aber der Landkreis Fulda bietet aus der Luft so viele spektakul\u00e4re Perspektiven, dass mich das Thema auch privat nicht in Ruhe l\u00e4sst\u201c, erkl\u00e4rt Wieloch, der als passionierter Modellbauer die n\u00f6tige Erfahrung mitbringt, um das \u201efliegende Auge\u201c sicher betreiben zu k\u00f6nnen. F\u00fcr die Filmaufnahmen ist ein Stabilisierungssystem n\u00f6tig, damit die Aufnahmen nicht verwackeln. Ein barometrischer Sensor erm\u00f6glicht zudem ein besonders ruhiges Schweben. Wenn die Drohne wieder im Koffer verstaut ist, geht es an die Schnittarbeit: \u201eVom Rohmaterial im gew\u00fcnschten Format bis hin zur geschnittenen Version mit Musikuntermalung ist alles m\u00f6glich, mit dem das jeweilige Objekt im besten Licht erscheint\u201c, erkl\u00e4rt Wieloch. Selbst Veranstaltungen k\u00f6nnen aus der Luft dokumentiert werden.<\/p>\n<p>Der Markt f\u00fcr Drohnen-Dienstleistungen im Landkreis Fulda scheint aussichtsreich: \u201eDie steigende Zahl der Anfragen zeigt, dass die schnelle Verf\u00fcgbarkeit neben dem g\u00fcnstigen Preis den Einsatz der Drohne auch f\u00fcr kleine Unternehmen attraktiv macht\u201c, erkl\u00e4rt Julian Witteborn aus Fulda, der mit seinem Vater unter dem Namen \u201eSkyoptic\u201c Luftbildaufnahmen aus der \u201eschwebenden Videokamera\u201c anbietet.<\/p>\n<p>Obwohl der Drohnenflug selbst beinahe wie ein Kinderspiel wirkt, sind die rechtlichen Rahmenbedingungen eindeutig: Der Einsatzort muss sich im uneingeschr\u00e4nkten Luftraum befinden, der Pilot muss das Ger\u00e4t zudem mit direktem Sichtkontakt fliegen. Fl\u00fcge \u00fcber Menschenmengen sind tabu. Eine Aufstiegsgenehmigung ist f\u00fcr kommerzielle Anwendungen und den Einsatz von Flugger\u00e4t \u00fcber f\u00fcnf Kilogramm Gewicht bei den Beh\u00f6rden einzuholen.<\/p>\n","protected":false},"excerpt":{"rendered":"<div class=\"tmnf_excerpt\"><p>Fulda. Ein Bild sagt mehr als tausend Worte, ein Tiefflug \u00fcbers idyllische Landhotel offenbart die Vorz\u00fcge des Ausflugsziels in wenigen Sekunden: Mit moderner Foto- und Videotechnik ausgestattete Drohnen sind auch im Landkreis Fulda unauff\u00e4llig unterwegs, um Gesch\u00e4ftskunden bewegende Argumente an die Hand zu geben.<\/p>\n<\/div>","protected":false},"author":1,"featured_media":0,"comment_status":"closed","ping_status":"closed","sticky":false,"template":"","format":"standard","meta":{"footnotes":""},"categories":[1,29,78],"tags":[],"class_list":["post-131610","post","type-post","status-publish","format-standard","hentry","category-startseite","category-politik","category-topthema"],"_links":{"self":[{"href":"https:\/\/www.fuldaernachrichten.de\/index.php?rest_route=\/wp\/v2\/posts\/131610","targetHints":{"allow":["GET"]}}],"collection":[{"href":"https:\/\/www.fuldaernachrichten.de\/index.php?rest_route=\/wp\/v2\/posts"}],"about":[{"href":"https:\/\/www.fuldaernachrichten.de\/index.php?rest_route=\/wp\/v2\/types\/post"}],"author":[{"embeddable":true,"href":"https:\/\/www.fuldaernachrichten.de\/index.php?rest_route=\/wp\/v2\/users\/1"}],"replies":[{"embeddable":true,"href":"https:\/\/www.fuldaernachrichten.de\/index.php?rest_route=%2Fwp%2Fv2%2Fcomments&post=131610"}],"version-history":[{"count":1,"href":"https:\/\/www.fuldaernachrichten.de\/index.php?rest_route=\/wp\/v2\/posts\/131610\/revisions"}],"predecessor-version":[{"id":131612,"href":"https:\/\/www.fuldaernachrichten.de\/index.php?rest_route=\/wp\/v2\/posts\/131610\/revisions\/131612"}],"wp:attachment":[{"href":"https:\/\/www.fuldaernachrichten.de\/index.php?rest_route=%2Fwp%2Fv2%2Fmedia&parent=131610"}],"wp:term":[{"taxonomy":"category","embeddable":true,"href":"https:\/\/www.fuldaernachrichten.de\/index.php?rest_route=%2Fwp%2Fv2%2Fcategories&post=131610"},{"taxonomy":"post_tag","embeddable":true,"href":"https:\/\/www.fuldaernachrichten.de\/index.php?rest_route=%2Fwp%2Fv2%2Ftags&post=131610"}],"curies":[{"name":"wp","href":"https:\/\/api.w.org\/{rel}","templated":true}]}}