{"id":131577,"date":"2014-11-07T00:14:21","date_gmt":"2014-11-07T00:14:21","guid":{"rendered":"http:\/\/www.fuldaer-nachrichten.de\/?p=131577"},"modified":"2014-11-06T13:28:56","modified_gmt":"2014-11-06T13:28:56","slug":"herbsttagung-der-konferenz-der-hessischen-fachhochschulpraesidenten","status":"publish","type":"post","link":"https:\/\/www.fuldaernachrichten.de\/?p=131577","title":{"rendered":"Herbsttagung der Konferenz der Hessischen Fachhochschulpr\u00e4sidenten"},"content":{"rendered":"<p>Fulda (mal). Zwei Tage lang tagte die Konferenz der Hessischen Fachhochschulpr\u00e4sidenten (KHF) in Fulda unter Vorsitz des Fuldaer Hochschulpr\u00e4sidenten Prof. Dr. Karim Khakzar. Oberb\u00fcrgermeister Gerhard M\u00f6ller empfing im gr\u00fcnen Zimmer des Stadtschlosses die 25 Teilnehmerinnen und Teilnehmer, darunter die Pr\u00e4sidenten der f\u00fcnf staatlichen Fachhochschulen in Hessen und die Pr\u00e4sidentin der Evangelischen Hochschule Darmstadt, die Vizepr\u00e4sidentinnen und Vizepr\u00e4sidenten, die Kanzler, die Hochschulplaner und die pers\u00f6nlichen Referentinnen und Referenten der Pr\u00e4sidenten.<!--more--><\/p>\n<p>Oberb\u00fcrgermeister M\u00f6ller betonte die enge Verbindung zwischen der Stadt und der Hochschule Fulda. \u201eDies wird immer wieder auf vielf\u00e4ltige Weise bewiesen\u201c, sagte M\u00f6ller und f\u00fcgte hinzu: \u201eFulda als Hochschulstandort hat auf eine lange Tradition. Schon in der Barockzeit hatten wir eine eigene Universit\u00e4t. Der Ausbau des Standortes ist ein wichtiger Meilenstein, den wir als Stadt Fulda unterst\u00fctzen.\u201c<\/p>\n<p>Den Teilnehmerinnen und Teilnehmer stellte er das Oberzentrum Fulda vor. \u201eDas Rhein-Main-Gebiet oder Nordhessen sind in den K\u00f6pfen verankert. Oft wird aber vergessen, dass es auch Osthessen gibt\u201c, sagte M\u00f6ller. Er ging auf die aktuellen Entwicklungen der Barockstadt ein, insbesondere den Bedarf an Bauland und die aktuelle Diskussion \u00fcber die Energiewende.<\/p>\n<p>Die Konferenz der Hessischen Hochschulpr\u00e4sidenten tagt vier Mal j\u00e4hrlich. Dabei findet die zweit\u00e4tige Herbsttagung in der Stadt des aktuellen Vorsitzenden der Konferenz statt. Seit Oktober 2013 hat Dr. Karim Khakzar diese Funktion \u00fcbernommen. \u201eDie Konferenz ist eine sehr wichtige Einrichtung, die die Koordination zwischen den Hochschulen vorantreibt. Dies ist wichtig, um unseren Interessen gegen\u00fcber der Landespolitik zu vertreten\u201c, sagte Khakzar. Bei der Tagung standen die Themen der Finanzierung, der Hochschulpolitik mit dem neuen Hochschulgesetz sowie das Promotions- und Forschungsrecht auf dem Programm.<\/p>\n<p>Nach dem Empfang besichtigten die G\u00e4ste unter der Leitung von Gudrun Jonas, Koordinatorin im Baudezernat, die historischen R\u00e4ume des Stadtschlosses.<\/p>\n","protected":false},"excerpt":{"rendered":"<div class=\"tmnf_excerpt\"><p>Fulda (mal). Zwei Tage lang tagte die Konferenz der Hessischen Fachhochschulpr\u00e4sidenten (KHF) in Fulda unter Vorsitz des Fuldaer Hochschulpr\u00e4sidenten Prof. Dr. Karim Khakzar. Oberb\u00fcrgermeister Gerhard M\u00f6ller empfing im gr\u00fcnen Zimmer des Stadtschlosses die 25 Teilnehmerinnen und Teilnehmer, darunter die Pr\u00e4sidenten der f\u00fcnf staatlichen Fachhochschulen in Hessen und die Pr\u00e4sidentin der Evangelischen Hochschule Darmstadt, die Vizepr\u00e4sidentinnen &hellip;<\/p>\n<\/div>","protected":false},"author":1,"featured_media":0,"comment_status":"closed","ping_status":"closed","sticky":false,"template":"","format":"standard","meta":{"footnotes":""},"categories":[1,48],"tags":[],"class_list":["post-131577","post","type-post","status-publish","format-standard","hentry","category-startseite","category-forschung"],"_links":{"self":[{"href":"https:\/\/www.fuldaernachrichten.de\/index.php?rest_route=\/wp\/v2\/posts\/131577","targetHints":{"allow":["GET"]}}],"collection":[{"href":"https:\/\/www.fuldaernachrichten.de\/index.php?rest_route=\/wp\/v2\/posts"}],"about":[{"href":"https:\/\/www.fuldaernachrichten.de\/index.php?rest_route=\/wp\/v2\/types\/post"}],"author":[{"embeddable":true,"href":"https:\/\/www.fuldaernachrichten.de\/index.php?rest_route=\/wp\/v2\/users\/1"}],"replies":[{"embeddable":true,"href":"https:\/\/www.fuldaernachrichten.de\/index.php?rest_route=%2Fwp%2Fv2%2Fcomments&post=131577"}],"version-history":[{"count":1,"href":"https:\/\/www.fuldaernachrichten.de\/index.php?rest_route=\/wp\/v2\/posts\/131577\/revisions"}],"predecessor-version":[{"id":131578,"href":"https:\/\/www.fuldaernachrichten.de\/index.php?rest_route=\/wp\/v2\/posts\/131577\/revisions\/131578"}],"wp:attachment":[{"href":"https:\/\/www.fuldaernachrichten.de\/index.php?rest_route=%2Fwp%2Fv2%2Fmedia&parent=131577"}],"wp:term":[{"taxonomy":"category","embeddable":true,"href":"https:\/\/www.fuldaernachrichten.de\/index.php?rest_route=%2Fwp%2Fv2%2Fcategories&post=131577"},{"taxonomy":"post_tag","embeddable":true,"href":"https:\/\/www.fuldaernachrichten.de\/index.php?rest_route=%2Fwp%2Fv2%2Ftags&post=131577"}],"curies":[{"name":"wp","href":"https:\/\/api.w.org\/{rel}","templated":true}]}}