{"id":131572,"date":"2014-11-07T00:14:24","date_gmt":"2014-11-07T00:14:24","guid":{"rendered":"http:\/\/www.fuldaer-nachrichten.de\/?p=131572"},"modified":"2014-11-06T13:19:17","modified_gmt":"2014-11-06T13:19:17","slug":"wein-mit-allen-sinnen-geniessen-bei-der-weintour-der-sinne","status":"publish","type":"post","link":"https:\/\/www.fuldaernachrichten.de\/?p=131572","title":{"rendered":"Wein mit allen Sinnen genie\u00dfen bei der &#8220;Weintour der Sinne&#8221;"},"content":{"rendered":"<p>Fulda. Prof. Dr. Richard Hartmann, Kapitels\u00e4ltester des Weinhistorischen Konventes freut sich auch im letzten Quartal des Jubeljahrs zu 25 Jahre Weinkonvent noch auf besondere Highlights hinweisen zu k\u00f6nnen. Zu den besonderen Veranstaltungen, die nicht jeders Jahr auf dem Programm steht, geh\u00f6rt die \u201eWeintour der Sinne\u201c, die am Freitag, den 21. November 2014, um 19:30 Uhr im Saal des &#8220;Leipziger Hofs&#8221; in Lehnerz stattfindet. <!--more--><\/p>\n<p>Gebildet werden kleine Teams von 3 Personen, die gegeneinander im sportlichen Wettstreit antreten und ihr Weinwissen unter Beweis stellen k\u00f6nnen. Unter Einsatz aller Sinne k\u00f6nnen verschiedene Aspekte des Weins kennen gelernt werden. Es gilt,\u00c2\u00a0Weine und das, was mit Wein zu tun hat, zu erkennen, zu schmecken, zu riechen, zu h\u00f6ren und zu f\u00fchlen.<\/p>\n<p>Und f\u00fcr Laien gilt \u201eRot oder Wei\u00df, schmeckt oder schmeckt nicht\u201c auch das hat in der Vergangenheit schon Sieger &#8211; Lorbeeren eingebracht. Die Tour ist nicht nur f\u00fcr Profis ein Erlebnis. Ein Weinquiz, bei dem 10 verschiedene Weine probiert und eine herzhafte Vesper verkostet werden. Startgeld f\u00fcr Mitglieder\u00c2\u00a030 Euro, f\u00fcr G\u00e4ste 36 Euro. Als Weinkulinarisches Highlight ist das diesj\u00e4hrige Weihnachtsdegustationsmenu am 6. Dezember 2014 19:30 im 3G Kompetenzzentrum, Wernher-von Siemens-Str.<\/p>\n<p>Das moderne Veranstaltungszentrum bildet den Kontrast zu au\u00dferordentlichen Schatzkammerweinen, die das Weingut Jean Buscher aus Rheinhessen pr\u00e4sentiert. Wer hat schon einen 1959er Wein in j\u00fcngerer Zeit verkostet, wer schon au\u00dferordentliche Bukettsorten wie den Rosenmuskateller. Du drei Menu-G\u00e4ngen werden brilliante Weine pr\u00e4sentiert und dann folgt noch mit einem Degustierteller eine Edels\u00fc\u00dfenprobe!<\/p>\n<p>Die genaue Ausschreibung und die Anmeldeformalit\u00e4ten ist auf der Homepage <a href=\"http:\/\/www.weinhistorischer-konvent.de\">www.weinhistorischer-konvent.de<\/a> zu finden. Als eiskalter Klassiker gilt inzwischen das Gl\u00fchweinforum am 20.Dezember 2014 um 19:30 im Weinberg<\/p>\n<p>Auch das 26. Jahr des Konventes wirft schon seine Schatten voraus.<\/p>\n<p><strong>Erste Hinweise:<\/strong><br \/>\nWeinforum Schweiz 16.1.2014 19:30 beim Kapitel\u00e4ltesten, Am Wynberg 7<br \/>\nWeinforum Edels\u00fc\u00df am 20.2.2015 um 19:30 ebenda<br \/>\nGeburtstagsweinforum am 19.3. 2015 um 19:30 im Cafe des Antoniusheims<br \/>\nErneut nimmt der Weinkonvent teil an der Trendmesse vom 19. \u2013 22.3. 2015.<\/p>\n<p>&nbsp;<\/p>\n<p>&nbsp;<\/p>\n","protected":false},"excerpt":{"rendered":"<div class=\"tmnf_excerpt\"><p>Fulda. Prof. Dr. Richard Hartmann, Kapitels\u00e4ltester des Weinhistorischen Konventes freut sich auch im letzten Quartal des Jubeljahrs zu 25 Jahre Weinkonvent noch auf besondere Highlights hinweisen zu k\u00f6nnen. Zu den besonderen Veranstaltungen, die nicht jeders Jahr auf dem Programm steht, geh\u00f6rt die \u201eWeintour der Sinne\u201c, die am Freitag, den 21. November 2014, um 19:30 Uhr &hellip;<\/p>\n<\/div>","protected":false},"author":1,"featured_media":0,"comment_status":"closed","ping_status":"closed","sticky":false,"template":"","format":"standard","meta":{"footnotes":""},"categories":[1],"tags":[],"class_list":["post-131572","post","type-post","status-publish","format-standard","hentry","category-startseite"],"_links":{"self":[{"href":"https:\/\/www.fuldaernachrichten.de\/index.php?rest_route=\/wp\/v2\/posts\/131572","targetHints":{"allow":["GET"]}}],"collection":[{"href":"https:\/\/www.fuldaernachrichten.de\/index.php?rest_route=\/wp\/v2\/posts"}],"about":[{"href":"https:\/\/www.fuldaernachrichten.de\/index.php?rest_route=\/wp\/v2\/types\/post"}],"author":[{"embeddable":true,"href":"https:\/\/www.fuldaernachrichten.de\/index.php?rest_route=\/wp\/v2\/users\/1"}],"replies":[{"embeddable":true,"href":"https:\/\/www.fuldaernachrichten.de\/index.php?rest_route=%2Fwp%2Fv2%2Fcomments&post=131572"}],"version-history":[{"count":1,"href":"https:\/\/www.fuldaernachrichten.de\/index.php?rest_route=\/wp\/v2\/posts\/131572\/revisions"}],"predecessor-version":[{"id":131573,"href":"https:\/\/www.fuldaernachrichten.de\/index.php?rest_route=\/wp\/v2\/posts\/131572\/revisions\/131573"}],"wp:attachment":[{"href":"https:\/\/www.fuldaernachrichten.de\/index.php?rest_route=%2Fwp%2Fv2%2Fmedia&parent=131572"}],"wp:term":[{"taxonomy":"category","embeddable":true,"href":"https:\/\/www.fuldaernachrichten.de\/index.php?rest_route=%2Fwp%2Fv2%2Fcategories&post=131572"},{"taxonomy":"post_tag","embeddable":true,"href":"https:\/\/www.fuldaernachrichten.de\/index.php?rest_route=%2Fwp%2Fv2%2Ftags&post=131572"}],"curies":[{"name":"wp","href":"https:\/\/api.w.org\/{rel}","templated":true}]}}