{"id":13154,"date":"2008-11-04T07:00:41","date_gmt":"2008-11-04T06:00:41","guid":{"rendered":"http:\/\/www.schoene-nachrichten.de\/?p=13154"},"modified":"2008-11-04T07:55:17","modified_gmt":"2008-11-04T06:55:17","slug":"selektivitaet-in-niederspannungsnetzen-morgen-vortrag-im-uewag-informationszentrum","status":"publish","type":"post","link":"https:\/\/www.fuldaernachrichten.de\/?p=13154","title":{"rendered":"Selektivit\u00e4t in Niederspannungsnetzen &#8211; Morgen Vortrag im \u00dcWAG-Informationszentrum"},"content":{"rendered":"<p><strong>Fulda.<\/strong> Im Rahmen der Veranstaltungsreihe des VDE Rhein-Main e. V. findet am Mittwoch, 5. November 2008, um 18:00 Uhr ein Vortrag zum Thema \u201eSelektivit\u00e4t so einfach wie noch nie\u201c statt. Der Referent, Dipl.-Ing. Nikolaos Kartalas von der Siemens AG, Frankfurt am Main, stellt in seinem Vortrag theoretische und praktische Betrachtungen zur Selektivit\u00e4t vor. Der Vortrag findet im \u00dcWAG-Informationszentrum, Frankfurter Stra\u00dfe 6, in Fulda statt.<!--more--><\/p>\n<p>Was ist Selektivit\u00e4t? Dieser Frage geht Dipl.-Ing. Nikolaos Kartalas in seinem Vortrag anhand  theoretischer und praktischer Beispiele nach. Au\u00dferdem besch\u00e4ftigt sich der Referent mit Fragen von Teil- und Vollselektivit\u00e4t, Einflussfaktoren auf Selektivit\u00e4t, und dem Nachweis von Selektivit\u00e4t in Niederspannungsnetzen.<\/p>\n<p>Der Eintritt zur Veranstaltung ist frei. Kostenlose Parkm\u00f6glichkeiten befinden sich direkt neben dem Informationszentrum am Dieselkraftwerk in der Frankfurter Stra\u00dfe in Fulda. Der VDE Rhein-Main e. V. l\u00e4dt alle Besucher nach dem Vortrag zu einem kleinen Imbiss ein.<\/p>\n","protected":false},"excerpt":{"rendered":"<div class=\"tmnf_excerpt\"><p>Fulda. Im Rahmen der Veranstaltungsreihe des VDE Rhein-Main e. V. findet am Mittwoch, 5. November 2008, um 18:00 Uhr ein Vortrag zum Thema \u201eSelektivit\u00e4t so einfach wie noch nie\u201c statt. Der Referent, Dipl.-Ing. Nikolaos Kartalas von der Siemens AG, Frankfurt am Main, stellt in seinem Vortrag theoretische und praktische Betrachtungen zur Selektivit\u00e4t vor. Der Vortrag &hellip;<\/p>\n<\/div>","protected":false},"author":1,"featured_media":0,"comment_status":"closed","ping_status":"closed","sticky":false,"template":"","format":"standard","meta":{"footnotes":""},"categories":[1,53,52,48],"tags":[],"class_list":["post-13154","post","type-post","status-publish","format-standard","hentry","category-startseite","category-bildung","category-umwelt","category-forschung"],"_links":{"self":[{"href":"https:\/\/www.fuldaernachrichten.de\/index.php?rest_route=\/wp\/v2\/posts\/13154","targetHints":{"allow":["GET"]}}],"collection":[{"href":"https:\/\/www.fuldaernachrichten.de\/index.php?rest_route=\/wp\/v2\/posts"}],"about":[{"href":"https:\/\/www.fuldaernachrichten.de\/index.php?rest_route=\/wp\/v2\/types\/post"}],"author":[{"embeddable":true,"href":"https:\/\/www.fuldaernachrichten.de\/index.php?rest_route=\/wp\/v2\/users\/1"}],"replies":[{"embeddable":true,"href":"https:\/\/www.fuldaernachrichten.de\/index.php?rest_route=%2Fwp%2Fv2%2Fcomments&post=13154"}],"version-history":[{"count":1,"href":"https:\/\/www.fuldaernachrichten.de\/index.php?rest_route=\/wp\/v2\/posts\/13154\/revisions"}],"predecessor-version":[{"id":13371,"href":"https:\/\/www.fuldaernachrichten.de\/index.php?rest_route=\/wp\/v2\/posts\/13154\/revisions\/13371"}],"wp:attachment":[{"href":"https:\/\/www.fuldaernachrichten.de\/index.php?rest_route=%2Fwp%2Fv2%2Fmedia&parent=13154"}],"wp:term":[{"taxonomy":"category","embeddable":true,"href":"https:\/\/www.fuldaernachrichten.de\/index.php?rest_route=%2Fwp%2Fv2%2Fcategories&post=13154"},{"taxonomy":"post_tag","embeddable":true,"href":"https:\/\/www.fuldaernachrichten.de\/index.php?rest_route=%2Fwp%2Fv2%2Ftags&post=13154"}],"curies":[{"name":"wp","href":"https:\/\/api.w.org\/{rel}","templated":true}]}}