{"id":131506,"date":"2014-11-06T00:13:23","date_gmt":"2014-11-06T00:13:23","guid":{"rendered":"http:\/\/www.fuldaer-nachrichten.de\/?p=131506"},"modified":"2014-11-05T17:17:55","modified_gmt":"2014-11-05T17:17:55","slug":"hautarztpraxis-in-der-helios-klinik-oberwald-wieder-eroeffnet","status":"publish","type":"post","link":"https:\/\/www.fuldaernachrichten.de\/?p=131506","title":{"rendered":"Hautarztpraxis in der HELIOS Klinik Oberwald wieder er\u00f6ffnet"},"content":{"rendered":"<p><a href=\"http:\/\/www.fuldaer-nachrichten.de\/wp-content\/uploads\/2014\/11\/HELIOS-Klinik-Oberwald-11-204.jpg\"><img fetchpriority=\"high\" decoding=\"async\" class=\"alignleft size-thumbnail wp-image-131507\" src=\"http:\/\/www.fuldaer-nachrichten.de\/wp-content\/uploads\/2014\/11\/HELIOS-Klinik-Oberwald-11-204-265x311.jpg\" alt=\"HELIOS Klinik Oberwald 11-204\" width=\"265\" height=\"311\" srcset=\"https:\/\/www.fuldaernachrichten.de\/wp-content\/uploads\/2014\/11\/HELIOS-Klinik-Oberwald-11-204-265x311.jpg 265w, https:\/\/www.fuldaernachrichten.de\/wp-content\/uploads\/2014\/11\/HELIOS-Klinik-Oberwald-11-204-225x265.jpg 225w, https:\/\/www.fuldaernachrichten.de\/wp-content\/uploads\/2014\/11\/HELIOS-Klinik-Oberwald-11-204.jpg 268w\" sizes=\"(max-width: 265px) 100vw, 265px\" \/><\/a>Grebenhain. Nach vier Monaten wird die Hautarztpraxis in der HELIOS Klinik Oberwald am 4. November 2014 wieder er\u00f6ffnet. Die Leitung \u00fcbernimmt Abdallah Takash als niedergelassener Facharzt f\u00fcr Haut- und Geschlechtskrankheiten. Nach seiner Facharztausbildung 1993 an der Hautklinik der Universit\u00e4t Leipzig war der 57-j\u00e4hrige Takash an verschiedenen Kliniken sowie im niedergelassen Bereich im In- und Ausland t\u00e4tig. \u201eHerr Takash wird als erfahrener Facharzt unser \u00c4rzteteam verst\u00e4rken und das Behandlungsangebot unserer Praxis erweitern. Ich freue mich, dass wir nach einer langen Pause nun wieder dermatologische Behandlungen anbieten k\u00f6nnen. Nun ist die Praxis wieder komplett\u201c, sagt Klinikgesch\u00e4ftsf\u00fchrer Lothar Nicolai. Die Praxis ist von Montag bis Donnerstag, jeweils von 8:00 bis 12:00 Uhr und 13:00-17:00 Uhr Freitag, 8:00-12:00 Uhr ge\u00f6ffnet. Sprechstundentermine k\u00f6nnen \u00fcber die Terminvergabe des Gesundheitszentrums Oberwald, Telefon: (06644) 89-600, vereinbart werden.<\/p>\n<p>&nbsp;<\/p>\n<p>&nbsp;<\/p>\n<p>&nbsp;<\/p>\n<p>&nbsp;<\/p>\n<p>&nbsp;<\/p>\n<p>&nbsp;<\/p>\n<p>&nbsp;<\/p>\n","protected":false},"excerpt":{"rendered":"<div class=\"tmnf_excerpt\"><p>Grebenhain. Nach vier Monaten wird die Hautarztpraxis in der HELIOS Klinik Oberwald am 4. November 2014 wieder er\u00f6ffnet. Die Leitung \u00fcbernimmt Abdallah Takash als niedergelassener Facharzt f\u00fcr Haut- und Geschlechtskrankheiten. Nach seiner Facharztausbildung 1993 an der Hautklinik der Universit\u00e4t Leipzig war der 57-j\u00e4hrige Takash an verschiedenen Kliniken sowie im niedergelassen Bereich im In- und Ausland &hellip;<\/p>\n<\/div>","protected":false},"author":1,"featured_media":0,"comment_status":"closed","ping_status":"closed","sticky":false,"template":"","format":"standard","meta":{"footnotes":""},"categories":[1,51],"tags":[],"class_list":["post-131506","post","type-post","status-publish","format-standard","hentry","category-startseite","category-medizin"],"_links":{"self":[{"href":"https:\/\/www.fuldaernachrichten.de\/index.php?rest_route=\/wp\/v2\/posts\/131506","targetHints":{"allow":["GET"]}}],"collection":[{"href":"https:\/\/www.fuldaernachrichten.de\/index.php?rest_route=\/wp\/v2\/posts"}],"about":[{"href":"https:\/\/www.fuldaernachrichten.de\/index.php?rest_route=\/wp\/v2\/types\/post"}],"author":[{"embeddable":true,"href":"https:\/\/www.fuldaernachrichten.de\/index.php?rest_route=\/wp\/v2\/users\/1"}],"replies":[{"embeddable":true,"href":"https:\/\/www.fuldaernachrichten.de\/index.php?rest_route=%2Fwp%2Fv2%2Fcomments&post=131506"}],"version-history":[{"count":1,"href":"https:\/\/www.fuldaernachrichten.de\/index.php?rest_route=\/wp\/v2\/posts\/131506\/revisions"}],"predecessor-version":[{"id":131508,"href":"https:\/\/www.fuldaernachrichten.de\/index.php?rest_route=\/wp\/v2\/posts\/131506\/revisions\/131508"}],"wp:attachment":[{"href":"https:\/\/www.fuldaernachrichten.de\/index.php?rest_route=%2Fwp%2Fv2%2Fmedia&parent=131506"}],"wp:term":[{"taxonomy":"category","embeddable":true,"href":"https:\/\/www.fuldaernachrichten.de\/index.php?rest_route=%2Fwp%2Fv2%2Fcategories&post=131506"},{"taxonomy":"post_tag","embeddable":true,"href":"https:\/\/www.fuldaernachrichten.de\/index.php?rest_route=%2Fwp%2Fv2%2Ftags&post=131506"}],"curies":[{"name":"wp","href":"https:\/\/api.w.org\/{rel}","templated":true}]}}