{"id":131504,"date":"2014-11-06T00:12:44","date_gmt":"2014-11-06T00:12:44","guid":{"rendered":"http:\/\/www.fuldaer-nachrichten.de\/?p=131504"},"modified":"2014-11-05T17:11:14","modified_gmt":"2014-11-05T17:11:14","slug":"medienpaedagogisches-angebot-kinderkino-mehr-wieder-auf-tourneekletter-ida-wird-in-stadtteilen-gezeigt","status":"publish","type":"post","link":"https:\/\/www.fuldaernachrichten.de\/?p=131504","title":{"rendered":"Medienp\u00e4dagogisches Angebot &#8211; \u201eKinderKino + mehr\u201c wieder auf Tournee\u201eKletter Ida\u201c wird in Stadtteilen gezeigt"},"content":{"rendered":"<p>Fulda. Das medienp\u00e4dagogische Angebot \u201eKinderKino + mehr\u201c des Jugendbildungswerkes der Stadt Fulda geht ab Montag, 10. November 2014, wieder auf Tour durch ausgew\u00e4hlte Stadtgebiete und Stadtteile. In diesem Monat steht ein spannender Film ab sechs Jahren um das M\u00e4dchen \u201eKletter Ida\u201c auf dem Programm. Die zw\u00f6lfj\u00e4hrige Ida liebt das Klettern. Ihr Vater war einst ein bekannter Bergsteiger, bis er bei einem Unfall im Himalaja fast ums Leben kam. Jetzt ist er schwer krank und Ida m\u00f6chte ihm helfen, das Geld f\u00fcr die lebensrettende Operation zu besorgen. Mit ihren Freunden Sebastian und Jonas will sie daf\u00fcr in die neue CCT-Bank einbrechen\u00e2\u20ac\u00a6<!--more--><br \/>\nNach der Vorf\u00fchrung gibt es angeleitete Aktivit\u00e4ten rund um den Film. Die Kinder k\u00f6nnen bei Bastel- und Spielaktionen selbst aktiv und kreativ werden, um sich auf ihre Weise mit dem Gesehenen auseinander zu setzen. Eltern m\u00fcssen beim KinderKino drau\u00dfen bleiben.<\/p>\n<p><strong>Das mobile Kinderkino ist zu Gast:\u00c2\u00a0\u00c2\u00a0\u00c2\u00a0\u00c2\u00a0<\/strong><\/p>\n<p>Montag, 10.11.2014<br \/>\nAstrid- Lindgren-Schule Fulda Galerie<\/p>\n<p>Dienstag, 11.11.2014<br \/>\nGrundschule Haimbach<\/p>\n<p>Mittwoch,12.11.2014<br \/>\nB\u00fcrgerhaus Edelzell<\/p>\n<p>Donnerstag, 13.11.2014<br \/>\nKindertreff \u201eZitrone\u201c<\/p>\n<p>Freitag, 14.11.2014<br \/>\nKirchengemeinde St. Joseph Nordend<\/p>\n<p>Montag, 17.11.2014<br \/>\nGeschwister-Scholl-Schule Ziehers Nord<\/p>\n<p>Dienstag, 18.11.2014<br \/>\nFestscheune Antoniusheim<\/p>\n<p>Mittwoch, 19.11.2014<br \/>\nB\u00fcrgerhaus Johannesberg<\/p>\n<p>Veranstaltungszeitraum ist jeweils von 15 bis 18 Uhr, der Einlass beginnt um 14.45 Uhr. Der Teilnahmebeitrag betr\u00e4gt 1,50 Euro. Genauere Informationen erteilt Ingmar S\u00fc\u00df unter Tel. 0661\/102-1980. Die Veranstaltungen finden im Kooperation mit dem Offenen Kanal Fulda und der Hochschule Fulda.<\/p>\n","protected":false},"excerpt":{"rendered":"<div class=\"tmnf_excerpt\"><p>Fulda. Das medienp\u00e4dagogische Angebot \u201eKinderKino + mehr\u201c des Jugendbildungswerkes der Stadt Fulda geht ab Montag, 10. November 2014, wieder auf Tour durch ausgew\u00e4hlte Stadtgebiete und Stadtteile. In diesem Monat steht ein spannender Film ab sechs Jahren um das M\u00e4dchen \u201eKletter Ida\u201c auf dem Programm. Die zw\u00f6lfj\u00e4hrige Ida liebt das Klettern. Ihr Vater war einst ein &hellip;<\/p>\n<\/div>","protected":false},"author":1,"featured_media":0,"comment_status":"closed","ping_status":"closed","sticky":false,"template":"","format":"standard","meta":{"footnotes":""},"categories":[1,44],"tags":[],"class_list":["post-131504","post","type-post","status-publish","format-standard","hentry","category-startseite","category-kultur"],"_links":{"self":[{"href":"https:\/\/www.fuldaernachrichten.de\/index.php?rest_route=\/wp\/v2\/posts\/131504","targetHints":{"allow":["GET"]}}],"collection":[{"href":"https:\/\/www.fuldaernachrichten.de\/index.php?rest_route=\/wp\/v2\/posts"}],"about":[{"href":"https:\/\/www.fuldaernachrichten.de\/index.php?rest_route=\/wp\/v2\/types\/post"}],"author":[{"embeddable":true,"href":"https:\/\/www.fuldaernachrichten.de\/index.php?rest_route=\/wp\/v2\/users\/1"}],"replies":[{"embeddable":true,"href":"https:\/\/www.fuldaernachrichten.de\/index.php?rest_route=%2Fwp%2Fv2%2Fcomments&post=131504"}],"version-history":[{"count":1,"href":"https:\/\/www.fuldaernachrichten.de\/index.php?rest_route=\/wp\/v2\/posts\/131504\/revisions"}],"predecessor-version":[{"id":131505,"href":"https:\/\/www.fuldaernachrichten.de\/index.php?rest_route=\/wp\/v2\/posts\/131504\/revisions\/131505"}],"wp:attachment":[{"href":"https:\/\/www.fuldaernachrichten.de\/index.php?rest_route=%2Fwp%2Fv2%2Fmedia&parent=131504"}],"wp:term":[{"taxonomy":"category","embeddable":true,"href":"https:\/\/www.fuldaernachrichten.de\/index.php?rest_route=%2Fwp%2Fv2%2Fcategories&post=131504"},{"taxonomy":"post_tag","embeddable":true,"href":"https:\/\/www.fuldaernachrichten.de\/index.php?rest_route=%2Fwp%2Fv2%2Ftags&post=131504"}],"curies":[{"name":"wp","href":"https:\/\/api.w.org\/{rel}","templated":true}]}}