{"id":131497,"date":"2014-11-06T00:12:22","date_gmt":"2014-11-06T00:12:22","guid":{"rendered":"http:\/\/www.fuldaer-nachrichten.de\/?p=131497"},"modified":"2014-11-05T16:54:25","modified_gmt":"2014-11-05T16:54:25","slug":"buntes-herbstferienprogramm-des-jugendamtes-sorgte-fuer-abwechslung","status":"publish","type":"post","link":"https:\/\/www.fuldaernachrichten.de\/?p=131497","title":{"rendered":"Buntes Herbstferienprogramm des Jugendamtes sorgte f\u00fcr Abwechslung"},"content":{"rendered":"<p><a href=\"http:\/\/www.fuldaer-nachrichten.de\/wp-content\/uploads\/2014\/11\/FlughafenPresse.jpg\"><img fetchpriority=\"high\" decoding=\"async\" class=\"alignleft size-thumbnail wp-image-131498\" src=\"http:\/\/www.fuldaer-nachrichten.de\/wp-content\/uploads\/2014\/11\/FlughafenPresse-265x199.jpg\" alt=\"FlughafenPresse\" width=\"265\" height=\"199\" srcset=\"https:\/\/www.fuldaernachrichten.de\/wp-content\/uploads\/2014\/11\/FlughafenPresse-265x199.jpg 265w, https:\/\/www.fuldaernachrichten.de\/wp-content\/uploads\/2014\/11\/FlughafenPresse.jpg 600w\" sizes=\"(max-width: 265px) 100vw, 265px\" \/><\/a>Vogelsbergkreis. Jetzt ist der Schulalltag wieder da, die Herbstferien liegen schon ein paar Tage zur\u00fcck \u2013 doch manche denken vielleicht noch manchmal an den Ausflug zum Frankfurter Flughafen oder den Bildungsurlaub in London. Auch in diesem Jahr sorgte das abwechslungsreiche Programm des Jugendamtes Vogelsbergkreis, Sachgebiet Jugendarbeit\/Jugendbildung, wieder f\u00fcr viel Spa\u00df und Spannung w\u00e4hrend der Herbstferien.<!--more--><\/p>\n<p>Neben dem einw\u00f6chigen Bildungsurlaub nach London zum Start der Herbstferien standen zahlreiche Tagesveranstaltungen zu unterschiedlichen Themen auf dem Plan.\u00c2\u00a0 Die erste Herbstferienwoche startete mit einer Fahrt ins erste mathematische Mitmach-Museum der Welt, dem Mathematikum in Gie\u00dfen, und einem Besuch der Spiel- und Hobbywelt Alten-Buseck. An diesem Tag konnten die Jugendlichen Mathematik mal von einer ganz neuen Seite kennenlernen.<\/p>\n<p><a href=\"http:\/\/www.fuldaer-nachrichten.de\/wp-content\/uploads\/2014\/11\/PresseSkate.jpg\"><img decoding=\"async\" class=\"alignleft size-thumbnail wp-image-131499\" src=\"http:\/\/www.fuldaer-nachrichten.de\/wp-content\/uploads\/2014\/11\/PresseSkate-265x198.jpg\" alt=\"PresseSkate\" width=\"265\" height=\"198\" srcset=\"https:\/\/www.fuldaernachrichten.de\/wp-content\/uploads\/2014\/11\/PresseSkate-265x198.jpg 265w, https:\/\/www.fuldaernachrichten.de\/wp-content\/uploads\/2014\/11\/PresseSkate.jpg 600w\" sizes=\"(max-width: 265px) 100vw, 265px\" \/><\/a>Zwei Tage sp\u00e4ter stand die Besichtigung des Flughafens Frankfurt am Main auf dem Programm. Die Kinder hatten die Gelegenheit sich den gr\u00f6\u00dften deutschen Verkehrsflughafen ganz aus der N\u00e4he anschauen und Antworten auf ihre Fragen zu finden. Zu Beginn der zweiten Woche war Mut und Geschicklichkeit gefordert. Die Vogelsberger Kinder und Jugendlichen waren in der Skatehalle in Kassel und lernten dort in einem Kurs neue Tricks und sicheres Skateboard-Fahren.<\/p>\n<p>Auch der drittgr\u00f6\u00dfte Zoo Deutschlands \u2013 der Erfurter Zoo \u2013 stand auf dem Ferienprogramm. Die Kinder konnten bei sch\u00f6nem Wetter die Tiere aus aller Welt bestaunen. Zum Ferienabschluss fand noch die Tagesveranstaltung zum Thema \u201eSicherheit im Internet\u201c statt, an dem die Teilnehmer sich intensiv mit positiven und negativen Aspekten des Internets besch\u00e4ftigten. Dabei lernten sie, wie sie die Vorteile des Internets nutzen k\u00f6nnen, ohne zu viel von sich Preis zu geben.<\/p>\n<p>F\u00fcr die Betreuung der M\u00e4dchen und Jungen sorgte ein motiviertes Team aus nebenamtlichen Betreuerinnen und Betreuern gemeinsam mit hauptamtlichen Mitarbeitern. Jugenddezernent Peter Zielinski lobt das Engagement: \u201eOhne den Einsatz der nebenamtlichen Begleiterinnen und Begleiter k\u00f6nnten viele dieser tollen Angebote nicht stattfinden. Sie sind eine wichtige Erg\u00e4nzung unseres hauptamtlichen Teams im Jugendamt.\u201c<br \/>\nF\u00fcr weitere Fragen und Informationen: 06641\/977-4043 und<br \/>\n-4081.<\/p>\n","protected":false},"excerpt":{"rendered":"<div class=\"tmnf_excerpt\"><p>Vogelsbergkreis. Jetzt ist der Schulalltag wieder da, die Herbstferien liegen schon ein paar Tage zur\u00fcck \u2013 doch manche denken vielleicht noch manchmal an den Ausflug zum Frankfurter Flughafen oder den Bildungsurlaub in London. Auch in diesem Jahr sorgte das abwechslungsreiche Programm des Jugendamtes Vogelsbergkreis, Sachgebiet Jugendarbeit\/Jugendbildung, wieder f\u00fcr viel Spa\u00df und Spannung w\u00e4hrend der Herbstferien.<\/p>\n<\/div>","protected":false},"author":1,"featured_media":0,"comment_status":"closed","ping_status":"closed","sticky":false,"template":"","format":"standard","meta":{"footnotes":""},"categories":[1,72],"tags":[],"class_list":["post-131497","post","type-post","status-publish","format-standard","hentry","category-startseite","category-jugend"],"_links":{"self":[{"href":"https:\/\/www.fuldaernachrichten.de\/index.php?rest_route=\/wp\/v2\/posts\/131497","targetHints":{"allow":["GET"]}}],"collection":[{"href":"https:\/\/www.fuldaernachrichten.de\/index.php?rest_route=\/wp\/v2\/posts"}],"about":[{"href":"https:\/\/www.fuldaernachrichten.de\/index.php?rest_route=\/wp\/v2\/types\/post"}],"author":[{"embeddable":true,"href":"https:\/\/www.fuldaernachrichten.de\/index.php?rest_route=\/wp\/v2\/users\/1"}],"replies":[{"embeddable":true,"href":"https:\/\/www.fuldaernachrichten.de\/index.php?rest_route=%2Fwp%2Fv2%2Fcomments&post=131497"}],"version-history":[{"count":1,"href":"https:\/\/www.fuldaernachrichten.de\/index.php?rest_route=\/wp\/v2\/posts\/131497\/revisions"}],"predecessor-version":[{"id":131500,"href":"https:\/\/www.fuldaernachrichten.de\/index.php?rest_route=\/wp\/v2\/posts\/131497\/revisions\/131500"}],"wp:attachment":[{"href":"https:\/\/www.fuldaernachrichten.de\/index.php?rest_route=%2Fwp%2Fv2%2Fmedia&parent=131497"}],"wp:term":[{"taxonomy":"category","embeddable":true,"href":"https:\/\/www.fuldaernachrichten.de\/index.php?rest_route=%2Fwp%2Fv2%2Fcategories&post=131497"},{"taxonomy":"post_tag","embeddable":true,"href":"https:\/\/www.fuldaernachrichten.de\/index.php?rest_route=%2Fwp%2Fv2%2Ftags&post=131497"}],"curies":[{"name":"wp","href":"https:\/\/api.w.org\/{rel}","templated":true}]}}