{"id":131491,"date":"2014-11-06T00:11:08","date_gmt":"2014-11-06T00:11:08","guid":{"rendered":"http:\/\/www.fuldaer-nachrichten.de\/?p=131491"},"modified":"2014-11-05T16:44:08","modified_gmt":"2014-11-05T16:44:08","slug":"studiengebuehren-eine-falsche-forderung-mit-gefaehrlicher-signalwirkung","status":"publish","type":"post","link":"https:\/\/www.fuldaernachrichten.de\/?p=131491","title":{"rendered":"Studiengeb\u00fchren &#8211; eine falsche Forderung mit gef\u00e4hrlicher Signalwirkung"},"content":{"rendered":"<p>Fulda. Die Pr\u00e4sidien der hessischen Fachhochschulen lehnen die \u00c4u\u00dferungen von einzelnen Mitgliedern des Pr\u00e4sidiums der Hochschulrektorenkonferenz (HRK) zur Wiedereinf\u00fchrung von Studiengeb\u00fchren ab. Nach einer kurzen Phase, in der in einigen Bundesl\u00e4ndern Studiengeb\u00fchren eingef\u00fchrt wurden, sind diese mittlerweile wieder abgeschafft. Die Konferenz der Hessischen Fachhochschulpr\u00e4sidien (KHF) h\u00e4lt die Gr\u00fcnde f\u00fcr die Abschaffung nach wie vor f\u00fcr richtig, insbesondere:<!--more--><\/p>\n<ul>\n<li>Studiengeb\u00fchren sind sozial ungerecht. Insbesondere Kinder aus finanziell schlechter gestellten Familien w\u00fcrden ihr Berufsleben mit Schulden starten. Diese abschreckende Wirkung h\u00e4tte negative Folgen im Hinblick auf den bestehenden Fachkr\u00e4ftemangel und die Integrationsaufgabe.<\/li>\n<li>Die Erfahrungen in anderen europ\u00e4ischen L\u00e4ndern lassen bef\u00fcrchten, dass Studiengeb\u00fchren im Zeitverlauf eher steigen und damit die soziale Ungerechtigkeit weiter zunimmt.<\/li>\n<li>Angesichts knapper \u00f6ffentlicher Kassen und beschlossener Schuldenbremse setzt die Wiedereinf\u00fchrung von Studiengeb\u00fchren ein v\u00f6llig falsches Signal und \u00f6ffnet der \u00f6ffentlichen Hand die T\u00fcr zum R\u00fcckzug aus der Verpflichtung zur Finanzierung der Hochschulen. Es ist davon auszugehen, dass die Einnahmen dieser Studiengeb\u00fchren somit nicht zur Verbesserung der Studienbedingungen f\u00fchren.<\/li>\n<\/ul>\n<p>Die Konferenz Hessischer Fachhochschulpr\u00e4sidien (KHF) spricht sich ausdr\u00fccklich f\u00fcr eine gerechte Finanzierung von Ausbildung und Studium aus. Auch nachgelagerte Studiengeb\u00fchren sind kein Instrument der gerechten Studienfinanzierung. Es besteht die Gefahr, dass in komplizierte b\u00fcrokratische Verfahren investiert wird und das Geld nicht dort ank\u00e4me, wo es ben\u00f6tigt w\u00fcrde. Das logische und einfache Mittel hierf\u00fcr liegt im Steuersystem.<\/p>\n","protected":false},"excerpt":{"rendered":"<div class=\"tmnf_excerpt\"><p>Fulda. Die Pr\u00e4sidien der hessischen Fachhochschulen lehnen die \u00c4u\u00dferungen von einzelnen Mitgliedern des Pr\u00e4sidiums der Hochschulrektorenkonferenz (HRK) zur Wiedereinf\u00fchrung von Studiengeb\u00fchren ab. Nach einer kurzen Phase, in der in einigen Bundesl\u00e4ndern Studiengeb\u00fchren eingef\u00fchrt wurden, sind diese mittlerweile wieder abgeschafft. Die Konferenz der Hessischen Fachhochschulpr\u00e4sidien (KHF) h\u00e4lt die Gr\u00fcnde f\u00fcr die Abschaffung nach wie vor f\u00fcr &hellip;<\/p>\n<\/div>","protected":false},"author":1,"featured_media":0,"comment_status":"closed","ping_status":"closed","sticky":false,"template":"","format":"standard","meta":{"footnotes":""},"categories":[1,48],"tags":[],"class_list":["post-131491","post","type-post","status-publish","format-standard","hentry","category-startseite","category-forschung"],"_links":{"self":[{"href":"https:\/\/www.fuldaernachrichten.de\/index.php?rest_route=\/wp\/v2\/posts\/131491","targetHints":{"allow":["GET"]}}],"collection":[{"href":"https:\/\/www.fuldaernachrichten.de\/index.php?rest_route=\/wp\/v2\/posts"}],"about":[{"href":"https:\/\/www.fuldaernachrichten.de\/index.php?rest_route=\/wp\/v2\/types\/post"}],"author":[{"embeddable":true,"href":"https:\/\/www.fuldaernachrichten.de\/index.php?rest_route=\/wp\/v2\/users\/1"}],"replies":[{"embeddable":true,"href":"https:\/\/www.fuldaernachrichten.de\/index.php?rest_route=%2Fwp%2Fv2%2Fcomments&post=131491"}],"version-history":[{"count":1,"href":"https:\/\/www.fuldaernachrichten.de\/index.php?rest_route=\/wp\/v2\/posts\/131491\/revisions"}],"predecessor-version":[{"id":131492,"href":"https:\/\/www.fuldaernachrichten.de\/index.php?rest_route=\/wp\/v2\/posts\/131491\/revisions\/131492"}],"wp:attachment":[{"href":"https:\/\/www.fuldaernachrichten.de\/index.php?rest_route=%2Fwp%2Fv2%2Fmedia&parent=131491"}],"wp:term":[{"taxonomy":"category","embeddable":true,"href":"https:\/\/www.fuldaernachrichten.de\/index.php?rest_route=%2Fwp%2Fv2%2Fcategories&post=131491"},{"taxonomy":"post_tag","embeddable":true,"href":"https:\/\/www.fuldaernachrichten.de\/index.php?rest_route=%2Fwp%2Fv2%2Ftags&post=131491"}],"curies":[{"name":"wp","href":"https:\/\/api.w.org\/{rel}","templated":true}]}}