{"id":131488,"date":"2014-11-06T00:10:30","date_gmt":"2014-11-06T00:10:30","guid":{"rendered":"http:\/\/www.fuldaer-nachrichten.de\/?p=131488"},"modified":"2014-11-05T16:41:54","modified_gmt":"2014-11-05T16:41:54","slug":"metropoliekonferenz-im-fuldaer-priesterseminar","status":"publish","type":"post","link":"https:\/\/www.fuldaernachrichten.de\/?p=131488","title":{"rendered":"Metropoliekonferenz im Fuldaer Priesterseminar"},"content":{"rendered":"<div id=\"attachment_131489\" style=\"width: 275px\" class=\"wp-caption alignleft\"><a href=\"http:\/\/www.fuldaer-nachrichten.de\/wp-content\/uploads\/2014\/11\/IMG_0923.jpg\"><img decoding=\"async\" aria-describedby=\"caption-attachment-131489\" class=\"size-thumbnail wp-image-131489\" src=\"http:\/\/www.fuldaer-nachrichten.de\/wp-content\/uploads\/2014\/11\/IMG_0923-265x176.jpg\" alt=\"v.l.n.r.: Bischof Dr. Gerhard Feige, Generalvikar Raimund Sternal, Generalvikar Raimund Beck, Erzbischof Hans-Josef Becker, Generalvikar Dr. Gerhard Stanke, Bischof Dr. Ulrich Neymeyr, Weihbischof Dr. Karlheinz Diez, Weihbischof Hubert Berenkbrinker, Bischof Heinz Josef Algermissen, Generalvikar Alfons Hardt und Weihbischof Dr. Reinhard Hauke.\" width=\"265\" height=\"176\" srcset=\"https:\/\/www.fuldaernachrichten.de\/wp-content\/uploads\/2014\/11\/IMG_0923-265x176.jpg 265w, https:\/\/www.fuldaernachrichten.de\/wp-content\/uploads\/2014\/11\/IMG_0923.jpg 600w\" sizes=\"(max-width: 265px) 100vw, 265px\" \/><\/a><p id=\"caption-attachment-131489\" class=\"wp-caption-text\">v.l.n.r.: Bischof Dr. Gerhard Feige, Generalvikar Raimund Sternal, Generalvikar Raimund Beck, Erzbischof Hans-Josef Becker, Generalvikar Dr. Gerhard Stanke, Bischof Dr. Ulrich Neymeyr, Weihbischof Dr. Karlheinz Diez, Weihbischof Hubert Berenkbrinker, Bischof Heinz Josef Algermissen, Generalvikar Alfons Hardt und Weihbischof Dr. Reinhard Hauke.<\/p><\/div>\n<p><strong>Fulda <\/strong>(bpf). Am Montag trafen sich die Bisch\u00f6fe, Weihbisch\u00f6fe und Generalvikare der Kirchenprovinz Paderborn unter dem Vorsitz des Paderborner Erzbischofs im Fuldaer Priesterseminar zur Metropoliekonferenz. Die j\u00e4hrlichen stattfindenden Treffen dienen dem regelm\u00e4\u00dfigen Austausch in pastoralen Fragen.<!--more--><\/p>\n<p>F\u00fcr das Erzbistum Paderborn nahmen Erzbischof Hans-Josef Becker, Weihbischof Hubert Berenbrinker und Generalvikar Alfons Hardt teil. Das Bistum Magdeburg war Bischof Dr. Gerhard Feige und seinen Generalvikar Raimund Sternal vertreten. Aus dem Bistum Erfurt nahmen der neuernannte Bischof Dr. Ulrich Neymeyr, Di\u00f6zesanadministrator Weihbischof Dr. Reinhard Hauke und dessen St\u00e4ndiger Vertreter Raimund Beck teil. Bischof Heinz Josef Algermissen, Weihbischof Dr. Karlheinz Diez und Generalvikar Dr. Gerhard Stanke vertraten das Bistum Fulda.<\/p>\n","protected":false},"excerpt":{"rendered":"<div class=\"tmnf_excerpt\"><p>Fulda (bpf). Am Montag trafen sich die Bisch\u00f6fe, Weihbisch\u00f6fe und Generalvikare der Kirchenprovinz Paderborn unter dem Vorsitz des Paderborner Erzbischofs im Fuldaer Priesterseminar zur Metropoliekonferenz. Die j\u00e4hrlichen stattfindenden Treffen dienen dem regelm\u00e4\u00dfigen Austausch in pastoralen Fragen.<\/p>\n<\/div>","protected":false},"author":1,"featured_media":0,"comment_status":"closed","ping_status":"closed","sticky":false,"template":"","format":"standard","meta":{"footnotes":""},"categories":[1,50],"tags":[],"class_list":["post-131488","post","type-post","status-publish","format-standard","hentry","category-startseite","category-kirche"],"_links":{"self":[{"href":"https:\/\/www.fuldaernachrichten.de\/index.php?rest_route=\/wp\/v2\/posts\/131488","targetHints":{"allow":["GET"]}}],"collection":[{"href":"https:\/\/www.fuldaernachrichten.de\/index.php?rest_route=\/wp\/v2\/posts"}],"about":[{"href":"https:\/\/www.fuldaernachrichten.de\/index.php?rest_route=\/wp\/v2\/types\/post"}],"author":[{"embeddable":true,"href":"https:\/\/www.fuldaernachrichten.de\/index.php?rest_route=\/wp\/v2\/users\/1"}],"replies":[{"embeddable":true,"href":"https:\/\/www.fuldaernachrichten.de\/index.php?rest_route=%2Fwp%2Fv2%2Fcomments&post=131488"}],"version-history":[{"count":1,"href":"https:\/\/www.fuldaernachrichten.de\/index.php?rest_route=\/wp\/v2\/posts\/131488\/revisions"}],"predecessor-version":[{"id":131490,"href":"https:\/\/www.fuldaernachrichten.de\/index.php?rest_route=\/wp\/v2\/posts\/131488\/revisions\/131490"}],"wp:attachment":[{"href":"https:\/\/www.fuldaernachrichten.de\/index.php?rest_route=%2Fwp%2Fv2%2Fmedia&parent=131488"}],"wp:term":[{"taxonomy":"category","embeddable":true,"href":"https:\/\/www.fuldaernachrichten.de\/index.php?rest_route=%2Fwp%2Fv2%2Fcategories&post=131488"},{"taxonomy":"post_tag","embeddable":true,"href":"https:\/\/www.fuldaernachrichten.de\/index.php?rest_route=%2Fwp%2Fv2%2Ftags&post=131488"}],"curies":[{"name":"wp","href":"https:\/\/api.w.org\/{rel}","templated":true}]}}