{"id":131475,"date":"2014-11-05T07:02:51","date_gmt":"2014-11-05T07:02:51","guid":{"rendered":"http:\/\/www.fuldaer-nachrichten.de\/?p=131475"},"modified":"2014-11-05T07:02:51","modified_gmt":"2014-11-05T07:02:51","slug":"gesellschaftliche-verantwortung-uebernehmen-und-transparent-machen-die-eu-richtlinie-zur-berichtspflicht-von-unternehmen","status":"publish","type":"post","link":"https:\/\/www.fuldaernachrichten.de\/?p=131475","title":{"rendered":"Gesellschaftliche Verantwortung \u00fcbernehmen und transparent machen: Die EU-Richtlinie zur Berichtspflicht  von Unternehmen"},"content":{"rendered":"<p>Fulda. Unternehmen stehen immer mehr in der Pflicht, gesellschaftliche Verantwortung zu \u00fcbernehmen. Wie k\u00f6nnen insbesondere kleinere und mittelst\u00e4ndische Unternehmen sich mit den gesellschaftlichen Auswirkungen ihres Gesch\u00e4fts befassen und der \u00d6ffentlichkeit \u00fcber ihre Aktivit\u00e4ten Transparenz verschaffen?<!--more--><\/p>\n<p>Mit dieser Frage besch\u00e4ftigt sich die Tagung \u201eCorporate Social Responsibility (CSR) &#8211; Die Richtlinie der Europ\u00e4ischen Union zur CSR-Berichtspflicht und die Praxis\u201c am 21. November an der Hochschule Fulda. Vertreter aus Wirtschaft, Politik und Verb\u00e4nden diskutieren Inhalte und Umsetzung der EU-Richtlinie, deren Auswirkungen auf die Unternehmenspraxis sowie Pro &amp; Contra der Verrechtlichung von CSR. Unternehmen aus der Region zeigen \u00fcberdies, wie sie in der Praxis mit CSR umgehen.<\/p>\n<p>Eingeladen sind alle Interessierten. Die Veranstaltung beginnt um 10 Uhr und findet in der Halle 8 auf dem Campus der Hochschule Fulda, Marquardstra\u00dfe 35 statt. Der Tagungsbeitrag bel\u00e4uft sich auf 120 Euro. Anmeldung und weitere Informationen unter www.hs-fulda.de\/CSR-Tagung.<\/p>\n","protected":false},"excerpt":{"rendered":"<div class=\"tmnf_excerpt\"><p>Fulda. Unternehmen stehen immer mehr in der Pflicht, gesellschaftliche Verantwortung zu \u00fcbernehmen. Wie k\u00f6nnen insbesondere kleinere und mittelst\u00e4ndische Unternehmen sich mit den gesellschaftlichen Auswirkungen ihres Gesch\u00e4fts befassen und der \u00d6ffentlichkeit \u00fcber ihre Aktivit\u00e4ten Transparenz verschaffen?<\/p>\n<\/div>","protected":false},"author":1,"featured_media":0,"comment_status":"closed","ping_status":"closed","sticky":false,"template":"","format":"standard","meta":{"footnotes":""},"categories":[1,48],"tags":[],"class_list":["post-131475","post","type-post","status-publish","format-standard","hentry","category-startseite","category-forschung"],"_links":{"self":[{"href":"https:\/\/www.fuldaernachrichten.de\/index.php?rest_route=\/wp\/v2\/posts\/131475","targetHints":{"allow":["GET"]}}],"collection":[{"href":"https:\/\/www.fuldaernachrichten.de\/index.php?rest_route=\/wp\/v2\/posts"}],"about":[{"href":"https:\/\/www.fuldaernachrichten.de\/index.php?rest_route=\/wp\/v2\/types\/post"}],"author":[{"embeddable":true,"href":"https:\/\/www.fuldaernachrichten.de\/index.php?rest_route=\/wp\/v2\/users\/1"}],"replies":[{"embeddable":true,"href":"https:\/\/www.fuldaernachrichten.de\/index.php?rest_route=%2Fwp%2Fv2%2Fcomments&post=131475"}],"version-history":[{"count":1,"href":"https:\/\/www.fuldaernachrichten.de\/index.php?rest_route=\/wp\/v2\/posts\/131475\/revisions"}],"predecessor-version":[{"id":131476,"href":"https:\/\/www.fuldaernachrichten.de\/index.php?rest_route=\/wp\/v2\/posts\/131475\/revisions\/131476"}],"wp:attachment":[{"href":"https:\/\/www.fuldaernachrichten.de\/index.php?rest_route=%2Fwp%2Fv2%2Fmedia&parent=131475"}],"wp:term":[{"taxonomy":"category","embeddable":true,"href":"https:\/\/www.fuldaernachrichten.de\/index.php?rest_route=%2Fwp%2Fv2%2Fcategories&post=131475"},{"taxonomy":"post_tag","embeddable":true,"href":"https:\/\/www.fuldaernachrichten.de\/index.php?rest_route=%2Fwp%2Fv2%2Ftags&post=131475"}],"curies":[{"name":"wp","href":"https:\/\/api.w.org\/{rel}","templated":true}]}}