{"id":131464,"date":"2014-11-05T06:57:40","date_gmt":"2014-11-05T06:57:40","guid":{"rendered":"http:\/\/www.fuldaer-nachrichten.de\/?p=131464"},"modified":"2014-11-05T06:57:40","modified_gmt":"2014-11-05T06:57:40","slug":"wie-reisemobil-und-caravan-richtig-ueberwintern","status":"publish","type":"post","link":"https:\/\/www.fuldaernachrichten.de\/?p=131464","title":{"rendered":"Wie Reisemobil und Caravan richtig \u00fcberwintern"},"content":{"rendered":"<p><a href=\"http:\/\/www.fuldaer-nachrichten.de\/wp-content\/uploads\/2014\/11\/Reinigung_FrankanaGmbH_72dpi.jpg\"><img fetchpriority=\"high\" decoding=\"async\" class=\"alignleft size-thumbnail wp-image-131465\" src=\"http:\/\/www.fuldaer-nachrichten.de\/wp-content\/uploads\/2014\/11\/Reinigung_FrankanaGmbH_72dpi-265x394.jpg\" alt=\"Reinigung_FrankanaGmbH_72dpi\" width=\"265\" height=\"394\" srcset=\"https:\/\/www.fuldaernachrichten.de\/wp-content\/uploads\/2014\/11\/Reinigung_FrankanaGmbH_72dpi-265x394.jpg 265w, https:\/\/www.fuldaernachrichten.de\/wp-content\/uploads\/2014\/11\/Reinigung_FrankanaGmbH_72dpi-178x265.jpg 178w, https:\/\/www.fuldaernachrichten.de\/wp-content\/uploads\/2014\/11\/Reinigung_FrankanaGmbH_72dpi-403x600.jpg 403w, https:\/\/www.fuldaernachrichten.de\/wp-content\/uploads\/2014\/11\/Reinigung_FrankanaGmbH_72dpi.jpg 467w\" sizes=\"(max-width: 265px) 100vw, 265px\" \/><\/a>Fulda. Die B\u00e4ume werfen ihre Bl\u00e4tter ab \u2013 der Herbst ist da! Zeit f\u00fcr alle, die nicht auf Wintercamping stehen, das geliebte mobile Heim auf die wohlverdiente Winterpause vorzubereiten. Der InterCaravaning-Fachh\u00e4ndler Seitz Caravaning aus Fulda hat die wichtigsten Tipps, damit Reisemobil und Caravan den Winter gut \u00fcberstehen.<!--more--><\/p>\n<p><strong>Der richtige Standort<\/strong><\/p>\n<p>Am besten \u00fcberwintern Reisemobil oder Caravan unter einem Carport, in einer Garage oder in einer Halle. Bei geschlossenen Winterquartieren ist eine gute Bel\u00fcftung wichtig. Achtung: Abgemeldete oder saisonzugelassene Fahrzeuge m\u00fcssen auf einem abgeschlossenen Grundst\u00fcck stehen. Das ist f\u00fcr den Versicherungsschutz entscheidend. Das Abstellen auf \u00f6ffentlichen Verkehrsfl\u00e4chen ist nicht erlaubt und kann teuer werden.<\/p>\n<p><strong>Au\u00dfenreinigung<\/strong><\/p>\n<p>Bevor das rollende Feriendomizil jedoch sein passendes Winterquartier bezieht, stehen ein paar wichtige Arbeiten an. Eine gr\u00fcndliche Au\u00dfenreinigung ist Pflicht. Am besten wird das Fahrzeug mit einem milden Autoshampoo, Schwamm sowie einer weichen Lanzenb\u00fcrste gereinigt. Eine gute Gelegenheit, um die Au\u00dfenhaut und den Lack auf Besch\u00e4digungen zu pr\u00fcfen und bei Bedarf ausbessern zu lassen. Nach der Au\u00dfenw\u00e4sche wird der Lack mit einem Wachs versiegelt. Besonders wenn Wohnmobil oder \u2013wagen drau\u00dfen stehen, sind sie so besser vor Witterung und Schmutz gesch\u00fctzt.<\/p>\n<p>Dichtungen von T\u00fcren und Fenstern werden mit Gummipflege behandelt. So bleiben die Dichtungsgummis elastisch und frieren nicht fest. Am besten das richtige Mittel bei einem Fachh\u00e4ndler wie Seitz Caravaning besorgen. Hier werden Camper gut beraten und erhalten das richtige Produkt.<\/p>\n<p>Besitzer eines Caravans sollten die Kurbelst\u00fctzen fetten und die Auflaufvorrichtung schmieren. Achtung: Nur das Schubst\u00fcck der Auflaufvorrichtung darf abgeschmiert werden, die Bremsbel\u00e4ge der Stabilisator-Kupplung m\u00fcssen fettfrei bleiben. Dann noch eine Deichselhaube \u00fcbergest\u00fclpt und schon sind alle sensiblen Teile vor Frost, Schnee und Wind gesch\u00fctzt.<\/p>\n<p>Bei Reisemobilen muss der F\u00fcllstand und Frostschutz f\u00fcr K\u00fchlwasser und Scheibenwischanlage kontrolliert werden. Zudem empfehlen die Profis von Seitz Caravaning Reisemobilfahrern vollzutanken, da dies weniger Kondenswasser am Blechtank bedeutet und so Rost verhindert.<\/p>\n<p><strong>Innenreinigung<\/strong><\/p>\n<p>Gl\u00e4nzt und funkelt alles von au\u00dfen, geht es an den Innenraum. Nach dem Putzen sollten K\u00fchlschr\u00e4nke, T\u00fcren und Schrankklappen offengelassen werden, um Ger\u00fcche und Schimmel zu vermeiden. Deswegen am besten auch Polster und Kissen der Sitzgruppe aufstellen. Au\u00dferdem d\u00fcrfen die Zwangsbel\u00fcftungen und Bel\u00fcftungs\u00f6ffnungen des Fahrzeugs nicht abgedeckt werden. Die Experten von Seitz Caravaning empfehlen zus\u00e4tzlich Luftentfeuchter, beispielsweise mit Granulat. Diese wirken bis zu vier Monate. Gerade wenn das Fahrzeug nicht v\u00f6llig trocken steht, machen die preiswerten Ger\u00e4te Sinn.<\/p>\n<p>Ganz besonders raten die Spezialisten von Seitz Caravaning nicht nur die Wasserleitungen zu entleeren, sondern auch zu reinigen. Auch hierf\u00fcr gibt es die richtigen Produkte beim Fachh\u00e4ndler. Damit die Wasserh\u00e4hne im Winter keinen Schaden nehmen, sollten sie auf jeden Fall ge\u00f6ffnet bleiben.<\/p>\n<p>Tipp f\u00fcr Reisemobilisten: Einfach bei ge\u00f6ffneten Wasser- und Ablassh\u00e4hnen kurz eine Runde drehen. Dann ist sicher kein Wasser mehr in den Leitungen.<\/p>\n<p>Alte Hasen unter den Caravanern entleeren die Wasseranlage an den Ablassh\u00e4hnen und ziehen vorsichtshalber auch den Wasserschlauch an der Therme ab, um so zu pr\u00fcfen, ob diese v\u00f6llig leer ist. Auch Restmengen k\u00f6nnen zum Platzen der Therme f\u00fchren. Selbstverst\u00e4ndlich sollte auch die Campingtoilette samt F\u00e4kalientank geleert und gereinigt werden. Gasflaschen k\u00f6nnen im Fahrzeug bleiben, jedoch sollte in jedem Fall das Flaschenventil zugedreht werden.<\/p>\n<p><strong>Richtig abstellen<\/strong><\/p>\n<p>Die lange Standzeit \u00fcber den Winter ist nicht gut f\u00fcr die Reifen. Deswegen empfehlen die Experten von Seitz Caravaning die St\u00fctzen des Caravans ein wenig herauszudrehen und den Reifendruck um circa 0,3 bis 0,5 bar zu erh\u00f6hen. Das entlastet die R\u00e4der. Weder bei Wohnwagen noch bei Reisemobil sollte die Feststellbremse gezogen werden, da sie einrosten kann. F\u00fcr Besitzer eines Reisemobil gilt zudem: Erster Gang rein und das Mobil mit Keilen gegen Wegrollen sichern.<\/p>\n<p>Wenn das Winterquartier \u00fcber einen 230 Volt-Anschluss verf\u00fcgt, g\u00f6nnen Besitzer alle drei bis vier Wochen der Bordbatterie eine Ladung Strom. Bei niedrigen Temperaturen l\u00e4dt die Batterie jedoch nur langsam und bei Minusgraden \u00fcberhaupt nicht mehr. Alternative: Das Fahrzeug dauerhaft an das Stromnetz anschlie\u00dfen. Wer keinen Stromanschluss zur Verf\u00fcgung hat, sollte die vollgeladene Batterie ausbauen und frostfrei lagern.<\/p>\n<p>Wer jetzt noch sein Fahrzeug einmal im Monat bei sch\u00f6nem Wetter gut l\u00fcftet, kann sich unbesorgt auf den n\u00e4chsten Campingurlaub freuen.<\/p>\n<p>&nbsp;<\/p>\n","protected":false},"excerpt":{"rendered":"<div class=\"tmnf_excerpt\"><p>Fulda. Die B\u00e4ume werfen ihre Bl\u00e4tter ab \u2013 der Herbst ist da! Zeit f\u00fcr alle, die nicht auf Wintercamping stehen, das geliebte mobile Heim auf die wohlverdiente Winterpause vorzubereiten. Der InterCaravaning-Fachh\u00e4ndler Seitz Caravaning aus Fulda hat die wichtigsten Tipps, damit Reisemobil und Caravan den Winter gut \u00fcberstehen.<\/p>\n<\/div>","protected":false},"author":1,"featured_media":0,"comment_status":"closed","ping_status":"closed","sticky":false,"template":"","format":"standard","meta":{"footnotes":""},"categories":[1,52],"tags":[],"class_list":["post-131464","post","type-post","status-publish","format-standard","hentry","category-startseite","category-umwelt"],"_links":{"self":[{"href":"https:\/\/www.fuldaernachrichten.de\/index.php?rest_route=\/wp\/v2\/posts\/131464","targetHints":{"allow":["GET"]}}],"collection":[{"href":"https:\/\/www.fuldaernachrichten.de\/index.php?rest_route=\/wp\/v2\/posts"}],"about":[{"href":"https:\/\/www.fuldaernachrichten.de\/index.php?rest_route=\/wp\/v2\/types\/post"}],"author":[{"embeddable":true,"href":"https:\/\/www.fuldaernachrichten.de\/index.php?rest_route=\/wp\/v2\/users\/1"}],"replies":[{"embeddable":true,"href":"https:\/\/www.fuldaernachrichten.de\/index.php?rest_route=%2Fwp%2Fv2%2Fcomments&post=131464"}],"version-history":[{"count":1,"href":"https:\/\/www.fuldaernachrichten.de\/index.php?rest_route=\/wp\/v2\/posts\/131464\/revisions"}],"predecessor-version":[{"id":131466,"href":"https:\/\/www.fuldaernachrichten.de\/index.php?rest_route=\/wp\/v2\/posts\/131464\/revisions\/131466"}],"wp:attachment":[{"href":"https:\/\/www.fuldaernachrichten.de\/index.php?rest_route=%2Fwp%2Fv2%2Fmedia&parent=131464"}],"wp:term":[{"taxonomy":"category","embeddable":true,"href":"https:\/\/www.fuldaernachrichten.de\/index.php?rest_route=%2Fwp%2Fv2%2Fcategories&post=131464"},{"taxonomy":"post_tag","embeddable":true,"href":"https:\/\/www.fuldaernachrichten.de\/index.php?rest_route=%2Fwp%2Fv2%2Ftags&post=131464"}],"curies":[{"name":"wp","href":"https:\/\/api.w.org\/{rel}","templated":true}]}}