{"id":131444,"date":"2014-11-05T06:44:02","date_gmt":"2014-11-05T06:44:02","guid":{"rendered":"http:\/\/www.fuldaer-nachrichten.de\/?p=131444"},"modified":"2014-11-05T06:44:02","modified_gmt":"2014-11-05T06:44:02","slug":"israelreise-2015-in-vorbereitung","status":"publish","type":"post","link":"https:\/\/www.fuldaernachrichten.de\/?p=131444","title":{"rendered":"Israelreise 2015 in Vorbereitung"},"content":{"rendered":"<p><a href=\"http:\/\/www.fuldaer-nachrichten.de\/wp-content\/uploads\/2014\/11\/Klagemauer.jpg\"><img fetchpriority=\"high\" decoding=\"async\" class=\"alignleft size-thumbnail wp-image-131446\" src=\"http:\/\/www.fuldaer-nachrichten.de\/wp-content\/uploads\/2014\/11\/Klagemauer-265x198.jpg\" alt=\"Klagemauer\" width=\"265\" height=\"198\" srcset=\"https:\/\/www.fuldaernachrichten.de\/wp-content\/uploads\/2014\/11\/Klagemauer-265x198.jpg 265w, https:\/\/www.fuldaernachrichten.de\/wp-content\/uploads\/2014\/11\/Klagemauer.jpg 600w\" sizes=\"(max-width: 265px) 100vw, 265px\" \/><\/a>Fulda. Zur bevorstehenden Israelreise der Trauerarbeit im Bistum Fulda vom 2.-10. Januar 2015 werden in den n\u00e4chsten Wochen einige Aktionen laufen. F\u00fcr diese Fahrt sind noch einige wenige Pl\u00e4tze frei. Die erste Aktion beteiligt sich an der j\u00e4hrlichen Aktion der Deutschsprachigen\u00c2\u00a0 Dormitio Abtei in Jerusalem. Die M\u00f6nche tragen in der Heiligen Nacht in einem Fu\u00dfmarsch die \u201eNamen von konkreten Menschen\u201c in einer Rolle in die Grotte von Bethlehem. Dabei werden alle angemeldeten Reiseteilnehmer und jene, die sich daran beteiligen wollen.<!--more--><\/p>\n<p>Meldungen von Namen, f\u00fcr die die M\u00f6nche beten sollen, nimmt das B\u00fcro f\u00fcr Trauerarbeit im Bistum Fulda, Rh\u00f6nstra\u00dfe 8, 63 450 Hanau. Tel. 06181- 42 898 44 oder per Fax: 06181- 42 898 55 oder per Mail:\u00c2\u00a0 info@trauern-warum- allein.de entgegen. Weitere Information zur Reise sind auf der HP www.trauern-warum-allein.de oder auf facebook\/Israel nicht nur f\u00fcr Trauernde.de Reiseleiter Ameed Srour berichtet aktuell von einer ruhigen Lage.<br \/>\nZudem werden f\u00fcr die Klagemauer wieder Gebetsanliegen mitgenommen. Diese k\u00f6nnen auf dem Postweg auf kleinen Zetteln oder per Mail mitgeschickt werden. Einsendeschluss f\u00fcr diesen Weg ist 23. Dezember 2014<\/p>\n","protected":false},"excerpt":{"rendered":"<div class=\"tmnf_excerpt\"><p>Fulda. Zur bevorstehenden Israelreise der Trauerarbeit im Bistum Fulda vom 2.-10. Januar 2015 werden in den n\u00e4chsten Wochen einige Aktionen laufen. F\u00fcr diese Fahrt sind noch einige wenige Pl\u00e4tze frei. Die erste Aktion beteiligt sich an der j\u00e4hrlichen Aktion der Deutschsprachigen\u00c2\u00a0 Dormitio Abtei in Jerusalem. Die M\u00f6nche tragen in der Heiligen Nacht in einem Fu\u00dfmarsch &hellip;<\/p>\n<\/div>","protected":false},"author":1,"featured_media":0,"comment_status":"closed","ping_status":"closed","sticky":false,"template":"","format":"standard","meta":{"footnotes":""},"categories":[1,50],"tags":[],"class_list":["post-131444","post","type-post","status-publish","format-standard","hentry","category-startseite","category-kirche"],"_links":{"self":[{"href":"https:\/\/www.fuldaernachrichten.de\/index.php?rest_route=\/wp\/v2\/posts\/131444","targetHints":{"allow":["GET"]}}],"collection":[{"href":"https:\/\/www.fuldaernachrichten.de\/index.php?rest_route=\/wp\/v2\/posts"}],"about":[{"href":"https:\/\/www.fuldaernachrichten.de\/index.php?rest_route=\/wp\/v2\/types\/post"}],"author":[{"embeddable":true,"href":"https:\/\/www.fuldaernachrichten.de\/index.php?rest_route=\/wp\/v2\/users\/1"}],"replies":[{"embeddable":true,"href":"https:\/\/www.fuldaernachrichten.de\/index.php?rest_route=%2Fwp%2Fv2%2Fcomments&post=131444"}],"version-history":[{"count":1,"href":"https:\/\/www.fuldaernachrichten.de\/index.php?rest_route=\/wp\/v2\/posts\/131444\/revisions"}],"predecessor-version":[{"id":131447,"href":"https:\/\/www.fuldaernachrichten.de\/index.php?rest_route=\/wp\/v2\/posts\/131444\/revisions\/131447"}],"wp:attachment":[{"href":"https:\/\/www.fuldaernachrichten.de\/index.php?rest_route=%2Fwp%2Fv2%2Fmedia&parent=131444"}],"wp:term":[{"taxonomy":"category","embeddable":true,"href":"https:\/\/www.fuldaernachrichten.de\/index.php?rest_route=%2Fwp%2Fv2%2Fcategories&post=131444"},{"taxonomy":"post_tag","embeddable":true,"href":"https:\/\/www.fuldaernachrichten.de\/index.php?rest_route=%2Fwp%2Fv2%2Ftags&post=131444"}],"curies":[{"name":"wp","href":"https:\/\/api.w.org\/{rel}","templated":true}]}}