{"id":13144,"date":"2008-09-29T00:26:15","date_gmt":"2008-09-28T23:26:15","guid":{"rendered":"http:\/\/www.schoene-nachrichten.de\/?p=13144"},"modified":"2008-10-28T22:26:37","modified_gmt":"2008-10-28T21:26:37","slug":"polizeipraesidium-osthessen-bietet-ausbildungsplaetze-an","status":"publish","type":"post","link":"https:\/\/www.fuldaernachrichten.de\/?p=13144","title":{"rendered":"Polizeipr\u00e4sidium Osthessen bietet Ausbildungspl\u00e4tze an"},"content":{"rendered":"<p><strong>Fulda. <\/strong>Auch im Jahr 2009 bietet das Polizeipr\u00e4sidium Osthessen drei jungen Menschen ab dem 01. August 2009 die M\u00f6glichkeit, sich zur \/ zum Verwaltungsfachangestellten ausbilden zu lassen. Innerhalb von drei Jahren werden sie in den typischen Aufgaben der inneren Verwaltung der Polizei ausgebildet.<!--more-->Dabei werden unter anderem Inhalte aus den Bereichen Personalwesen, Verwaltungsrecht und Verwaltungsverfahren, Wirtschafts- und Sozialkunde sowie Verwaltungsbetriebswirtschaft vermittelt.<\/p>\n<p>Momentan befinden sich neun junge Menschen aus der Region beim Polizeipr\u00e4sidium Osthessen in der Ausbildung zur Fachangestellten f\u00fcr B\u00fcrokommunikation, zur Kauffrau f\u00fcr B\u00fcrokommunikation bzw. zum<br \/>\nFachinformatiker &#8211; Systemintegration.<\/p>\n<p>Weitere Informationen zum aktuellen Ausbildungsangebot sind auf der Homepage der Hessischen Polizei, unter <a href=\"http:\/\/www.polizei.hessen.de\" target=\"_blank\">www.polizei.hessen.de<\/a> &#8211; Dienststellen &#8211; Polizeipr\u00e4sidium Osthessen hinterlegt oder k\u00f6nnen bei der Bundesagentur f\u00fcr Arbeit in Fulda erfragt werden.&#8221;<\/p>\n","protected":false},"excerpt":{"rendered":"<div class=\"tmnf_excerpt\"><p>Fulda. Auch im Jahr 2009 bietet das Polizeipr\u00e4sidium Osthessen drei jungen Menschen ab dem 01. August 2009 die M\u00f6glichkeit, sich zur \/ zum Verwaltungsfachangestellten ausbilden zu lassen. Innerhalb von drei Jahren werden sie in den typischen Aufgaben der inneren Verwaltung der Polizei ausgebildet.<\/p>\n<\/div>","protected":false},"author":1,"featured_media":0,"comment_status":"closed","ping_status":"closed","sticky":false,"template":"","format":"standard","meta":{"footnotes":""},"categories":[1,72],"tags":[],"class_list":["post-13144","post","type-post","status-publish","format-standard","hentry","category-startseite","category-jugend"],"_links":{"self":[{"href":"https:\/\/www.fuldaernachrichten.de\/index.php?rest_route=\/wp\/v2\/posts\/13144","targetHints":{"allow":["GET"]}}],"collection":[{"href":"https:\/\/www.fuldaernachrichten.de\/index.php?rest_route=\/wp\/v2\/posts"}],"about":[{"href":"https:\/\/www.fuldaernachrichten.de\/index.php?rest_route=\/wp\/v2\/types\/post"}],"author":[{"embeddable":true,"href":"https:\/\/www.fuldaernachrichten.de\/index.php?rest_route=\/wp\/v2\/users\/1"}],"replies":[{"embeddable":true,"href":"https:\/\/www.fuldaernachrichten.de\/index.php?rest_route=%2Fwp%2Fv2%2Fcomments&post=13144"}],"version-history":[{"count":0,"href":"https:\/\/www.fuldaernachrichten.de\/index.php?rest_route=\/wp\/v2\/posts\/13144\/revisions"}],"wp:attachment":[{"href":"https:\/\/www.fuldaernachrichten.de\/index.php?rest_route=%2Fwp%2Fv2%2Fmedia&parent=13144"}],"wp:term":[{"taxonomy":"category","embeddable":true,"href":"https:\/\/www.fuldaernachrichten.de\/index.php?rest_route=%2Fwp%2Fv2%2Fcategories&post=13144"},{"taxonomy":"post_tag","embeddable":true,"href":"https:\/\/www.fuldaernachrichten.de\/index.php?rest_route=%2Fwp%2Fv2%2Ftags&post=13144"}],"curies":[{"name":"wp","href":"https:\/\/api.w.org\/{rel}","templated":true}]}}