{"id":13140,"date":"2008-10-29T00:21:59","date_gmt":"2008-10-28T23:21:59","guid":{"rendered":"http:\/\/www.schoene-nachrichten.de\/?p=13140"},"modified":"2008-10-28T22:22:27","modified_gmt":"2008-10-28T21:22:27","slug":"20-jahre-katholische-jugend-im-bistum-fulda","status":"publish","type":"post","link":"https:\/\/www.fuldaernachrichten.de\/?p=13140","title":{"rendered":"20 Jahre Katholische Jugend im Bistum Fulda"},"content":{"rendered":"<p><strong>Fulda. <\/strong>Vom 24. bis 25. Oktober trafen sich in Hilders im Thomas-Morus-Haus die Pfarreileiter und der Vorstand der Katholischen Jugend im Bistum Fulda (KJF), um sich \u00fcber die KJF-Arbeit auf Di\u00f6zesanebene und vor Ort auszutauschen und neue Strategien f\u00fcr die Zukunft der KJF-Verbandsarbeit im Bistum zu entwickeln. \u201eSeit zwei Jahren haben wir das System der KJF-Pfarreileiter, da\u00df jede Ortsgruppe zwei Ansprechpartner benennt und diese sich einmal im Jahr zu einem Planungswochenende treffen. Dadurch k\u00f6nnen wir die Pfarreien und ihre Arbeit besser vernetzen\u201c, betont KJF-Vorstand Thomas M\u00fcller aus Petersberg.<!--more--><br \/>\n<strong>Junge Menschen n\u00e4her zu Jesus bringen<\/strong><br \/>\nAnhand einer \u201eSWOT-Analyse\u201c [d. h. eine Analyse der St\u00e4rken, Schw\u00e4chen, Chancen und Gefahren, Anm. d. Red.] wurde auf die aktuelle Verbandsarbeit, ihre St\u00e4rken, Schw\u00e4chen, M\u00f6glichkeiten und Gefahren geschaut. Aus der gemeinsamen Analyse ergaben sich Schwerpunktbereiche, an denen in den n\u00e4chsten 15 Monaten verst\u00e4rkt gearbeitet werden soll, so z. B. \u00d6ffentlichkeitsarbeit und die Vernetzung der KJF-Gruppen untereinander. \u201eUnsere St\u00e4rke sehen wir in unserem Profil, das bei allen unseren Mitarbeitern ausgepr\u00e4gt ist: Freude an Glauben und Kirche. Lobpreis und Anbetung sind fester Bestandsteil unserer Veranstaltungen und wir haben das Ziel, junge Menschen n\u00e4her zu Jesus zu bringen\u201c, fa\u00dft Marta Kwiatkowski, KJF-Pfarreileiterin aus Hofgeismar, zusammen. \u201eMit diesem Pfund m\u00f6chten wir wuchern. Dazu wollen wir verst\u00e4rkt in unsere Organisation, Professionalit\u00e4t und unsere \u00d6ffentlichkeitsarbeit investieren\u201c, so KJF-Vorstand Paul Kowalski aus Kassel.<\/p>\n<p>Die KJF ist im Internet mit einer aktualisierten Homepage vertreten, die von Webmaster Matthias Flittner aus Flieden unter <a href=\"http:\/\/www.kjf-fulda.de\" target=\"_blank\">www.kjf-fulda.de<\/a> gestaltet wird. Darunter finden sich Videoclips vergangener Veranstaltungen, das Evangelium vom Tag, ein ausf\u00fchrlicher Newsbereich mit Terminkalender und G\u00e4stebuch. \u201eNeu realisiert ist ein Mitglieder-Login-Bereich, in dem alle, die im Besitz einer KJF-Mitglieder-Card sind, sich einloggen k\u00f6nnen. Dort haben sie Zugriff auf eine KJF-Spieledatenbank mit Kurzvideo des Spielablaufs und zu einer KJF-Mitglieder-Community\u201c, erkl\u00e4rt Flittner.<\/p>\n<p>Ebenfalls wurde das 20j\u00e4hrige KJF-Jubil\u00e4um geplant, das am Christk\u00f6nigssonntag, 23. November, begangen wird. \u201eWir m\u00f6chten nicht so sehr in die Vergangenheit schauen, sondern auf das Jetzt unserer Arbeit und in die Zukunft. Junge Menschen unseres Bistums mit Gott in Kontakt zu bringen und fr\u00f6hlich katholisch zu sein, wie eines unserer Mottos besagt, ist f\u00fcr uns eine bleibende Aufgabe, der wir uns immer wieder neu stellen m\u00f6chten\u201c, meint KJF-Pr\u00e4ses Pfarrer Jan Kremer.<\/p>\n","protected":false},"excerpt":{"rendered":"<div class=\"tmnf_excerpt\"><p>Fulda. Vom 24. bis 25. Oktober trafen sich in Hilders im Thomas-Morus-Haus die Pfarreileiter und der Vorstand der Katholischen Jugend im Bistum Fulda (KJF), um sich \u00fcber die KJF-Arbeit auf Di\u00f6zesanebene und vor Ort auszutauschen und neue Strategien f\u00fcr die Zukunft der KJF-Verbandsarbeit im Bistum zu entwickeln. \u201eSeit zwei Jahren haben wir das System der &hellip;<\/p>\n<\/div>","protected":false},"author":1,"featured_media":0,"comment_status":"closed","ping_status":"closed","sticky":false,"template":"","format":"standard","meta":{"footnotes":""},"categories":[1,72,50],"tags":[],"class_list":["post-13140","post","type-post","status-publish","format-standard","hentry","category-startseite","category-jugend","category-kirche"],"_links":{"self":[{"href":"https:\/\/www.fuldaernachrichten.de\/index.php?rest_route=\/wp\/v2\/posts\/13140","targetHints":{"allow":["GET"]}}],"collection":[{"href":"https:\/\/www.fuldaernachrichten.de\/index.php?rest_route=\/wp\/v2\/posts"}],"about":[{"href":"https:\/\/www.fuldaernachrichten.de\/index.php?rest_route=\/wp\/v2\/types\/post"}],"author":[{"embeddable":true,"href":"https:\/\/www.fuldaernachrichten.de\/index.php?rest_route=\/wp\/v2\/users\/1"}],"replies":[{"embeddable":true,"href":"https:\/\/www.fuldaernachrichten.de\/index.php?rest_route=%2Fwp%2Fv2%2Fcomments&post=13140"}],"version-history":[{"count":0,"href":"https:\/\/www.fuldaernachrichten.de\/index.php?rest_route=\/wp\/v2\/posts\/13140\/revisions"}],"wp:attachment":[{"href":"https:\/\/www.fuldaernachrichten.de\/index.php?rest_route=%2Fwp%2Fv2%2Fmedia&parent=13140"}],"wp:term":[{"taxonomy":"category","embeddable":true,"href":"https:\/\/www.fuldaernachrichten.de\/index.php?rest_route=%2Fwp%2Fv2%2Fcategories&post=13140"},{"taxonomy":"post_tag","embeddable":true,"href":"https:\/\/www.fuldaernachrichten.de\/index.php?rest_route=%2Fwp%2Fv2%2Ftags&post=13140"}],"curies":[{"name":"wp","href":"https:\/\/api.w.org\/{rel}","templated":true}]}}