{"id":131395,"date":"2014-11-04T00:23:26","date_gmt":"2014-11-04T00:23:26","guid":{"rendered":"http:\/\/www.fuldaer-nachrichten.de\/?p=131395"},"modified":"2014-11-03T14:59:59","modified_gmt":"2014-11-03T14:59:59","slug":"pflegesituationen-meistern-individuelle-beratung-zuhause","status":"publish","type":"post","link":"https:\/\/www.fuldaernachrichten.de\/?p=131395","title":{"rendered":"Pflegesituationen meistern \u2013 individuelle Beratung zuhause"},"content":{"rendered":"<p><a href=\"http:\/\/www.fuldaer-nachrichten.de\/wp-content\/uploads\/2014\/11\/flur_hochkant_gut_IMG_4690-e1415026770121.jpg\"><img fetchpriority=\"high\" decoding=\"async\" class=\"alignleft size-thumbnail wp-image-131396\" src=\"http:\/\/www.fuldaer-nachrichten.de\/wp-content\/uploads\/2014\/11\/flur_hochkant_gut_IMG_4690-e1415026770121-265x353.jpg\" alt=\"flur_hochkant_gut_IMG_4690\" width=\"265\" height=\"353\" srcset=\"https:\/\/www.fuldaernachrichten.de\/wp-content\/uploads\/2014\/11\/flur_hochkant_gut_IMG_4690-e1415026770121-265x353.jpg 265w, https:\/\/www.fuldaernachrichten.de\/wp-content\/uploads\/2014\/11\/flur_hochkant_gut_IMG_4690-e1415026770121-198x265.jpg 198w, https:\/\/www.fuldaernachrichten.de\/wp-content\/uploads\/2014\/11\/flur_hochkant_gut_IMG_4690-e1415026770121.jpg 450w\" sizes=\"(max-width: 265px) 100vw, 265px\" \/><\/a>Fulda. \u201eIn einigen Tagen wird mein Vater aus dem Krankenhaus entlassen, er hatte einen Schlaganfall und ist nun auf Pflege angewiesen\u201c: So oder so \u00e4hnlich beginnen die Anrufe, die die Pflegeberaterinnen Ulrike Glitsch (49) und Ute Hofmann (47) von Mediana Mobil erreichen, recht h\u00e4ufig: \u201eViele sind erst einmal \u00fcberfordert mit der Situation, pl\u00f6tzlich einen pflegebed\u00fcrftigen Angeh\u00f6rigen versorgen zu m\u00fcssen\u201c, erz\u00e4hlt Ulrike Glitsch. Neben der emotionalen Belastung t\u00fcrmt sich bei ihnen ein gro\u00dfer, be\u00e4ngstigender Fragekomplex rund um die Gestaltung des k\u00fcnftigen t\u00e4glichen Lebens auf. Um ihn abzubauen, gibt es die Pflegeberatung.<\/p>\n<p>\u201eDarauf haben alle einen gesetzlichen Anspruch, die eine Pflegestufe beantragt haben oder bereits in eine eingestuft sind. Sie wird von der Pflegekasse bezahlt und auch direkt mit ihnen abgerechnet\u201c, erl\u00e4utert Glitsch, die seit 2011 bei Mediana Mobil diese Beratungen anbietet. Ihre Kollegin Ute Hofmann ist seit 2012 dabei. Doch auch wenn sie von Mediana Mobil kommen, beraten sie unabh\u00e4ngig: \u201eEs ist keine Voraussetzung, dass die Betroffenen Dienstleistungen von Mediana Mobil in Anspruch nehmen.\u201c<!--more--><\/p>\n<p>Was sie bieten, sind \u201ePflegekurse daheim\u201c, erkl\u00e4rt die 49-J\u00e4hrige. Das habe den Vorteil, dass sich die Termine individuell vereinbaren lassen und die Beratung exakt auf die Anforderungen des Einzelfalls zugeschnitten ist. \u201eUnd wir k\u00f6nnen w\u00e4hrend des Termins direkt das Wohnumfeld anschauen, Tipps und Hinweise geben, welche Hilfsmittel zum Beispiel ratsam w\u00e4ren\u201c, erl\u00e4utert Glitsch. Das gilt nicht nur f\u00fcr pflegebed\u00fcrftige Menschen und ihre pflegenden Angeh\u00f6rigen, die sich erst neu mit dieser Situation arrangieren m\u00fcssen. \u201eImmer h\u00e4ufiger haben wir Kontakt zu Paaren, bei denen zum Beispiel die 80-J\u00e4hrige Ehefrau ihren 85-j\u00e4hrigen Ehemann pflegt\u201c, erz\u00e4hlt die 49-J\u00e4hrige. Eine Beratung umfasst zum Beispiel auch, Angeh\u00f6rigen zu zeigen, wie sie jemanden richtig anfassen und richtig lagern. \u201eWir \u00fcben das auch gemeinsam mit dem Patienten, solange bis sich der Angeh\u00f6rige in seinen Handgriffen sicher f\u00fchlt.\u201c<\/p>\n<p>Bei ihrer T\u00e4tigkeit als Pflegeberaterinnen kommen den beiden Frauen ihre berufliche Erfahrung zugute: Ute Hofmann ist gelernte Kinderkrankenschwester und kann deshalb besonders gut auch Familien mit pflegebed\u00fcrftigen Kindern beraten. Ulrike Glitsch indes ist gelernte Krankenschwester und Kauffrau im Gesundheitswesen. Beide haben f\u00fcr ihre Aufgabe als Beraterinnen eine spezielle Schulung absolviert.<\/p>\n<p>\u201eDas Ziel ist es, Laien so auszubilden, dass sie in der Lage sind, Pflege zu \u00fcbernehmen, ohne dass sie selbst Schaden nehmen. Die Menschen sollen so lange wie m\u00f6glich im eigenen Zuhause leben k\u00f6nnen\u201c, sagt Glitsch. Dass Angeh\u00f6rige das leisten k\u00f6nnen, davon ist sie \u00fcberzeugt: \u201eAber sie brauchen ein starkes Netzwerk aus verschiedenen Personen und Institutionen, die sie unterst\u00fctzen und ihnen Freiraum verschaffen.\u201c Sie m\u00fcssten nur wissen, an wen sie sich wenden k\u00f6nnen, welche Rechte sie haben und wie sie auch einmal verschnaufen k\u00f6nnen \u2013 auch das erfahren sie im Gespr\u00e4ch mit den Pflegeberaterinnen Ulrike Glitsch und Ute Hofmann von Mediana Mobil.<\/p>\n<p>Infobox<\/p>\n<p>Die Pflegeberaterinnen Ulrike Glitsch und Ute Hofmann sind telefonisch zu erreichen unter Mediana Mobil, Telefon 0661-928-000.<\/p>\n<p>&nbsp;<\/p>\n","protected":false},"excerpt":{"rendered":"<div class=\"tmnf_excerpt\"><p>Fulda. \u201eIn einigen Tagen wird mein Vater aus dem Krankenhaus entlassen, er hatte einen Schlaganfall und ist nun auf Pflege angewiesen\u201c: So oder so \u00e4hnlich beginnen die Anrufe, die die Pflegeberaterinnen Ulrike Glitsch (49) und Ute Hofmann (47) von Mediana Mobil erreichen, recht h\u00e4ufig: \u201eViele sind erst einmal \u00fcberfordert mit der Situation, pl\u00f6tzlich einen pflegebed\u00fcrftigen &hellip;<\/p>\n<\/div>","protected":false},"author":1,"featured_media":0,"comment_status":"closed","ping_status":"closed","sticky":false,"template":"","format":"standard","meta":{"footnotes":""},"categories":[1,51],"tags":[],"class_list":["post-131395","post","type-post","status-publish","format-standard","hentry","category-startseite","category-medizin"],"_links":{"self":[{"href":"https:\/\/www.fuldaernachrichten.de\/index.php?rest_route=\/wp\/v2\/posts\/131395","targetHints":{"allow":["GET"]}}],"collection":[{"href":"https:\/\/www.fuldaernachrichten.de\/index.php?rest_route=\/wp\/v2\/posts"}],"about":[{"href":"https:\/\/www.fuldaernachrichten.de\/index.php?rest_route=\/wp\/v2\/types\/post"}],"author":[{"embeddable":true,"href":"https:\/\/www.fuldaernachrichten.de\/index.php?rest_route=\/wp\/v2\/users\/1"}],"replies":[{"embeddable":true,"href":"https:\/\/www.fuldaernachrichten.de\/index.php?rest_route=%2Fwp%2Fv2%2Fcomments&post=131395"}],"version-history":[{"count":1,"href":"https:\/\/www.fuldaernachrichten.de\/index.php?rest_route=\/wp\/v2\/posts\/131395\/revisions"}],"predecessor-version":[{"id":131397,"href":"https:\/\/www.fuldaernachrichten.de\/index.php?rest_route=\/wp\/v2\/posts\/131395\/revisions\/131397"}],"wp:attachment":[{"href":"https:\/\/www.fuldaernachrichten.de\/index.php?rest_route=%2Fwp%2Fv2%2Fmedia&parent=131395"}],"wp:term":[{"taxonomy":"category","embeddable":true,"href":"https:\/\/www.fuldaernachrichten.de\/index.php?rest_route=%2Fwp%2Fv2%2Fcategories&post=131395"},{"taxonomy":"post_tag","embeddable":true,"href":"https:\/\/www.fuldaernachrichten.de\/index.php?rest_route=%2Fwp%2Fv2%2Ftags&post=131395"}],"curies":[{"name":"wp","href":"https:\/\/api.w.org\/{rel}","templated":true}]}}