{"id":131379,"date":"2014-11-04T00:15:23","date_gmt":"2014-11-04T00:15:23","guid":{"rendered":"http:\/\/www.fuldaer-nachrichten.de\/?p=131379"},"modified":"2014-11-03T14:45:46","modified_gmt":"2014-11-03T14:45:46","slug":"vertrauen-schaffen-missbrauch-vorbeugen","status":"publish","type":"post","link":"https:\/\/www.fuldaernachrichten.de\/?p=131379","title":{"rendered":"Vertrauen schaffen \u2013 Missbrauch vorbeugen"},"content":{"rendered":"<div id=\"attachment_131380\" style=\"width: 275px\" class=\"wp-caption alignleft\"><a href=\"http:\/\/www.fuldaer-nachrichten.de\/wp-content\/uploads\/2014\/11\/003-RCV-SchulHilfen-Missbra-161014-w\u00fcb.jpg\"><img fetchpriority=\"high\" decoding=\"async\" aria-describedby=\"caption-attachment-131380\" class=\"size-thumbnail wp-image-131380\" src=\"http:\/\/www.fuldaer-nachrichten.de\/wp-content\/uploads\/2014\/11\/003-RCV-SchulHilfen-Missbra-161014-w\u00fcb-265x198.jpg\" alt=\"Foto: Caritas\/ Janina W\u00fcbbelsmann Plastische Darstellung einer T\u00e4ter \u2013 Opfer \u2013 Situation in die sich die Teilnehmerinnen und Teilnehmer hineindenken sollten.  \" width=\"265\" height=\"198\" \/><\/a><p id=\"caption-attachment-131380\" class=\"wp-caption-text\">Foto: Caritas\/ Janina W\u00fcbbelsmann Plastische Darstellung einer T\u00e4ter \u2013 Opfer \u2013 Situation in die sich die Teilnehmerinnen und Teilnehmer hineindenken sollten.<\/p><\/div>\n<p>Fulda. Eine Fortbildungsreihe zum Thema Pr\u00e4vention gegen sexuelle Gewalt und Missbrauch f\u00fchrte der Caritasverband f\u00fcr die Regionen Fulda und Geisa durch. Geschult wurden Helferinnen und Helfer aus dem Bereich Schulischer Hilfen. Der regionale Caritasverband bietet unter anderem an Schulen in der Stadt und dem Landkreis Fulda nach dem Unterricht unterst\u00fctzende Hilfe f\u00fcr Kinder nicht deutscher Nationalit\u00e4t und mit Lernschwierigkeiten, die sich keine bezahlte Nachhilfe leisten k\u00f6nnen, an.<!--more--><\/p>\n<p>Auch in der p\u00e4dagogischen Mittagsbetreuung sind Helferinnen und Helfer des Verbandes aktiv. Carolin Steinmann, Diplom \u2013 Sozialp\u00e4dagogin und Mitarbeiterin der Katholischen Familienbildungsst\u00e4tte Fulda &#8211; Neuenberg leitete die dreit\u00e4gige Fortbildungsreihe. Als Schwerpunkte hatte die speziell vom Bistum Fulda in Sache Missbrauch geschulte Referentin das eigene Empfinden, die Sensibilisierung gegen\u00fcber Anzeichen f\u00fcr Missbrauch und die Verhinderung, dass Kinder Opfer werden, gesetzt. Im Mittelpunkt standen Aspekte gelungener Beziehungsarbeit.<\/p>\n<p>Eine gute Beziehung und stabile Vertrauensbasis seien wichtige Schutzfaktoren f\u00fcr Kinder um \u201eNein\u201c sagen zu k\u00f6nnen oder um sich jemandem anzuvertrauen. Im Durchschnitt spreche ein Kind auf der Suche nach einer Vertrauensperson acht erwachsene Menschen an, bis ihm jemand zuh\u00f6re und glaube, so die Referentin. Das m\u00fcsse nicht so sein. War bei den Teilnehmerinnen und Teilnehmern anfangs noch eine gewisse Hilflosigkeit gegen\u00fcber dem Thema zu versp\u00fcren, so gelang es durch praktische \u00dcbungen und theoretische Grundlagen sich in die Rolle der Opfer und deren W\u00fcnsche an eine Vertrauensperson hineinzuversetzen. F\u00fcr den \u201eErnstfall\u201c wurden Hilfestellungen gegeben, die den Helferinnen und Helfern der Schulischen Hilfen Handlungssicherheit vermittelten und eine gute Basis schafften, dass Kinder sich ihnen in schwierigen Situationen anvertrauen werden.<\/p>\n","protected":false},"excerpt":{"rendered":"<div class=\"tmnf_excerpt\"><p>Fulda. Eine Fortbildungsreihe zum Thema Pr\u00e4vention gegen sexuelle Gewalt und Missbrauch f\u00fchrte der Caritasverband f\u00fcr die Regionen Fulda und Geisa durch. Geschult wurden Helferinnen und Helfer aus dem Bereich Schulischer Hilfen. Der regionale Caritasverband bietet unter anderem an Schulen in der Stadt und dem Landkreis Fulda nach dem Unterricht unterst\u00fctzende Hilfe f\u00fcr Kinder nicht deutscher &hellip;<\/p>\n<\/div>","protected":false},"author":1,"featured_media":0,"comment_status":"closed","ping_status":"closed","sticky":false,"template":"","format":"standard","meta":{"footnotes":""},"categories":[1],"tags":[],"class_list":["post-131379","post","type-post","status-publish","format-standard","hentry","category-startseite"],"_links":{"self":[{"href":"https:\/\/www.fuldaernachrichten.de\/index.php?rest_route=\/wp\/v2\/posts\/131379","targetHints":{"allow":["GET"]}}],"collection":[{"href":"https:\/\/www.fuldaernachrichten.de\/index.php?rest_route=\/wp\/v2\/posts"}],"about":[{"href":"https:\/\/www.fuldaernachrichten.de\/index.php?rest_route=\/wp\/v2\/types\/post"}],"author":[{"embeddable":true,"href":"https:\/\/www.fuldaernachrichten.de\/index.php?rest_route=\/wp\/v2\/users\/1"}],"replies":[{"embeddable":true,"href":"https:\/\/www.fuldaernachrichten.de\/index.php?rest_route=%2Fwp%2Fv2%2Fcomments&post=131379"}],"version-history":[{"count":1,"href":"https:\/\/www.fuldaernachrichten.de\/index.php?rest_route=\/wp\/v2\/posts\/131379\/revisions"}],"predecessor-version":[{"id":131381,"href":"https:\/\/www.fuldaernachrichten.de\/index.php?rest_route=\/wp\/v2\/posts\/131379\/revisions\/131381"}],"wp:attachment":[{"href":"https:\/\/www.fuldaernachrichten.de\/index.php?rest_route=%2Fwp%2Fv2%2Fmedia&parent=131379"}],"wp:term":[{"taxonomy":"category","embeddable":true,"href":"https:\/\/www.fuldaernachrichten.de\/index.php?rest_route=%2Fwp%2Fv2%2Fcategories&post=131379"},{"taxonomy":"post_tag","embeddable":true,"href":"https:\/\/www.fuldaernachrichten.de\/index.php?rest_route=%2Fwp%2Fv2%2Ftags&post=131379"}],"curies":[{"name":"wp","href":"https:\/\/api.w.org\/{rel}","templated":true}]}}