{"id":131328,"date":"2014-11-03T07:10:23","date_gmt":"2014-11-03T07:10:23","guid":{"rendered":"http:\/\/www.fuldaer-nachrichten.de\/?p=131328"},"modified":"2014-11-03T07:10:23","modified_gmt":"2014-11-03T07:10:23","slug":"starke-reserve-fuer-soziales-engagement-in-osthessen","status":"publish","type":"post","link":"https:\/\/www.fuldaernachrichten.de\/?p=131328","title":{"rendered":"Starke Reserve f\u00fcr soziales Engagement in Osthessen"},"content":{"rendered":"<p><a href=\"http:\/\/www.fuldaer-nachrichten.de\/wp-content\/uploads\/2014\/11\/Bild-050.jpg\"><img decoding=\"async\" class=\"alignleft size-thumbnail wp-image-131329\" src=\"http:\/\/www.fuldaer-nachrichten.de\/wp-content\/uploads\/2014\/11\/Bild-050-265x176.jpg\" alt=\"Bild 050\" width=\"265\" height=\"176\" srcset=\"https:\/\/www.fuldaernachrichten.de\/wp-content\/uploads\/2014\/11\/Bild-050-265x176.jpg 265w, https:\/\/www.fuldaernachrichten.de\/wp-content\/uploads\/2014\/11\/Bild-050.jpg 600w\" sizes=\"(max-width: 265px) 100vw, 265px\" \/><\/a>Osthessen. Das soziale Engagement unserer Bundeswehr ist in mehreren Dimensionen fl\u00e4chendeckend pr\u00e4sent: Intern durch das Soldatenhilfswerk und die Milit\u00e4rseelsorge \u2013 in unsere Gesellschaft hinein durch eine Vielzahl an Hilfs- und Spendenaktionen, oft durch Soldaten individuell ins Leben gerufen. In Osthessen wird die logistische und finanzielle Hilfe durch ehrenamtliche Eins\u00e4tze von Soldaten der Reserve und die Organisation von Benefizkonzerten durch Unteroffizier der Reserve Wolfgang Schneider gemanagt.<!--more--><\/p>\n<p>Im Zivilberuf selbst\u00e4ndiger Augenoptiker im Unruhestand, erfahren in der Arbeit f\u00fcr die Aktion f\u00fcr behinderte Menschen der Bundeswehr in Rotenburg, arbeitet er im Reservistenverband unerm\u00fcdlich und hat sich in Rotenburg und Hessen einen Namen gemacht: was er f\u00fcr die Gute Sache ehrenamtlich in Angriff nimmt, das gelingt.<\/p>\n<p>Unser hessischer Ministerpr\u00e4sident unterst\u00fctzt nach Spendenaufrufen regelm\u00e4\u00dfig die Aktionen der Reservisten im Dienst der guten Sache. Eine Typisierungsaktion und ein Benefizkonzert zugunsten der DKMS hinterlie\u00dfen Eindruck bei den Helfern. Zuletzt bedankte sich der Gesch\u00e4ftsf\u00fchrer des Soldatenhilfswerkes, Oberstleutnant a.D. Hans Michael Ketterle, in Berlin anl\u00e4sslich der Spenden\u00fcbergabe aus einem Benefizkonzert zugunsten unverschuldet in Not geratener Soldaten.<\/p>\n<p>Die bew\u00e4hrten F\u00fchrungsmittel in der Bundeswehr \u201eBefehl und Gehorsam\u201c gen\u00fcgen aber auch im Reservistenverband nicht, die ohnehin in vielf\u00e4ltigen Bereichen eingesetzten Soldaten der Reserve zus\u00e4tzlich f\u00fcr soziale Eins\u00e4tze zu rekrutieren. Neben der Freude am Helfen ist auch in dem Bereich die sprichw\u00f6rtliche Kameradschaft unter den Helfern ein wesentlicher Faktor. Auch hier ist Wolfgang Schneider gefordert und zeigt Motivationstalent. Seine Einladung an die Helfer beim Deutschen Behindertentag in Bad Hersfeld \u2013 osthessische Soldaten der Reserve und Mitglieder der Gartengruppe der sozialen F\u00f6rderst\u00e4tten &#8211; zum gemeinsamen Essen und die Verleihung von Ehrennadeln des Reservistenverbandes durch Oberstleutnant der Reserve waren beides: Dankesgeste und Motivation f\u00fcr die weiteren Eins\u00e4tze in 2015.<\/p>\n","protected":false},"excerpt":{"rendered":"<div class=\"tmnf_excerpt\"><p>Osthessen. Das soziale Engagement unserer Bundeswehr ist in mehreren Dimensionen fl\u00e4chendeckend pr\u00e4sent: Intern durch das Soldatenhilfswerk und die Milit\u00e4rseelsorge \u2013 in unsere Gesellschaft hinein durch eine Vielzahl an Hilfs- und Spendenaktionen, oft durch Soldaten individuell ins Leben gerufen. In Osthessen wird die logistische und finanzielle Hilfe durch ehrenamtliche Eins\u00e4tze von Soldaten der Reserve und die &hellip;<\/p>\n<\/div>","protected":false},"author":1,"featured_media":0,"comment_status":"closed","ping_status":"closed","sticky":false,"template":"","format":"standard","meta":{"footnotes":""},"categories":[1],"tags":[],"class_list":["post-131328","post","type-post","status-publish","format-standard","hentry","category-startseite"],"_links":{"self":[{"href":"https:\/\/www.fuldaernachrichten.de\/index.php?rest_route=\/wp\/v2\/posts\/131328","targetHints":{"allow":["GET"]}}],"collection":[{"href":"https:\/\/www.fuldaernachrichten.de\/index.php?rest_route=\/wp\/v2\/posts"}],"about":[{"href":"https:\/\/www.fuldaernachrichten.de\/index.php?rest_route=\/wp\/v2\/types\/post"}],"author":[{"embeddable":true,"href":"https:\/\/www.fuldaernachrichten.de\/index.php?rest_route=\/wp\/v2\/users\/1"}],"replies":[{"embeddable":true,"href":"https:\/\/www.fuldaernachrichten.de\/index.php?rest_route=%2Fwp%2Fv2%2Fcomments&post=131328"}],"version-history":[{"count":1,"href":"https:\/\/www.fuldaernachrichten.de\/index.php?rest_route=\/wp\/v2\/posts\/131328\/revisions"}],"predecessor-version":[{"id":131330,"href":"https:\/\/www.fuldaernachrichten.de\/index.php?rest_route=\/wp\/v2\/posts\/131328\/revisions\/131330"}],"wp:attachment":[{"href":"https:\/\/www.fuldaernachrichten.de\/index.php?rest_route=%2Fwp%2Fv2%2Fmedia&parent=131328"}],"wp:term":[{"taxonomy":"category","embeddable":true,"href":"https:\/\/www.fuldaernachrichten.de\/index.php?rest_route=%2Fwp%2Fv2%2Fcategories&post=131328"},{"taxonomy":"post_tag","embeddable":true,"href":"https:\/\/www.fuldaernachrichten.de\/index.php?rest_route=%2Fwp%2Fv2%2Ftags&post=131328"}],"curies":[{"name":"wp","href":"https:\/\/api.w.org\/{rel}","templated":true}]}}