{"id":131319,"date":"2014-11-03T07:00:29","date_gmt":"2014-11-03T07:00:29","guid":{"rendered":"http:\/\/www.fuldaer-nachrichten.de\/?p=131319"},"modified":"2014-11-03T07:00:29","modified_gmt":"2014-11-03T07:00:29","slug":"fuer-besonderes-engagement-in-sachen-ausbildung-geehrt","status":"publish","type":"post","link":"https:\/\/www.fuldaernachrichten.de\/?p=131319","title":{"rendered":"F\u00fcr besonderes Engagement  in Sachen Ausbildung geehrt"},"content":{"rendered":"<p><a href=\"http:\/\/www.fuldaer-nachrichten.de\/wp-content\/uploads\/2014\/11\/DSC_0011.jpg\"><img decoding=\"async\" class=\"alignleft size-thumbnail wp-image-131320\" src=\"http:\/\/www.fuldaer-nachrichten.de\/wp-content\/uploads\/2014\/11\/DSC_0011-265x175.jpg\" alt=\"DSC_0011\" width=\"265\" height=\"175\" srcset=\"https:\/\/www.fuldaernachrichten.de\/wp-content\/uploads\/2014\/11\/DSC_0011-265x175.jpg 265w, https:\/\/www.fuldaernachrichten.de\/wp-content\/uploads\/2014\/11\/DSC_0011.jpg 600w\" sizes=\"(max-width: 265px) 100vw, 265px\" \/><\/a>Fulda. F\u00fcr ihr besonderes Engagement im Bereich der Ausbildung hat die Agentur f\u00fcr Arbeit Fulda im Rahmen der Ausbildungsmarktkonferenz drei heimische Betriebe ausgezeichnet: die JOB AG (Fulda), Pappert\u00e2\u20ac\u2122s GmbH &amp; Co.KG (Poppenhausen) sowie die Firma Emod, die Firmensitze in Fulda und Bad Salzschlirf unterh\u00e4lt.<!--more--><\/p>\n<p>Waldemar Dombrowski, Vorsitzender der Gesch\u00e4ftsf\u00fchrung der Arbeitsagentur, w\u00fcrdigte die hohe Ausbildungsbereitschaft, die eine unerl\u00e4ssliche Voraussetzung f\u00fcr die zuk\u00fcnftige Sicherung von Fachkr\u00e4ften f\u00fcr die heimischen Unternehmen sei. So hat die B\u00e4ckerei Pappert eine seit Jahren hohe Ausbildungsquote. In 2014 haben 35 Auszubildende ihre Ausbildung begonnen, 21 sucht der Betrieb f\u00fcr den Ausbildungsbeginn im n\u00e4chsten Jahr. Die JOB AG bildet ihren eigenen Nachwuchs in den Ausbildungsberufen Personaldienstleistungskaufmann\/frau und Kaufmann\/frau f\u00fcr B\u00fcromanagement aus. Von 341 Mitarbeiterinnen und Mitarbeitern waren im Jahr 2013 insgesamt 55 Auszubildende.<\/p>\n<p>Einen besonderen Beitrag zur Beseitigung des Fachkr\u00e4ftemangels leistet auch die Firma Emod, die unter anderem Zerspanungsmechaniker\/innen, Elektroniker\/innen Maschinen- und Antriebstechnik sowie Industriekaufleute ausbildet. Rund zehn Prozent ihrer 450 Mitarbeiter starken Belegschaft sind Auszubildende.<\/p>\n<p>Waldemar Dombrowski \u00fcberreichte die Zertifikate an die Vertreter der Firmen. Im Bild sind zu sehen: Frank Kamolz (Bereichsleiter der Agentur f\u00fcr Arbeit Fulda), Manfred Sch\u00fcler, Gesch\u00e4ftsf\u00fchrer Kreishandwerkerschaft, Arbeitgebervermittler Konrad K\u00fchn, Hatice Dogan (Gesch\u00e4ftsf\u00fchrerin Operativ Arbeitsagentur), Bernd Pappert, Gesch\u00e4ftsf\u00fchrer Pappert\u00e2\u20ac\u2122s B\u00e4ckerei mit Vertriebsleiter Daniel Schmidtke, Susanne Diel (Personalentwicklung JOB AG), Waldemar Dombrowski, Jennifer Bayer (Ausbilderin JOB AG), IHK-Hauptgesch\u00e4ftsf\u00fchrer Stefan Schunck, Reiner Odenwald (Gesch\u00e4ftsf\u00fchrer Emod Motoren), Arbeitgebervermittlerin Gabriele Eisenmann, Oberstudiendirektor Stephan Schmitt (Staatliches Schulamt) und Ulrich Nesemann (Kreisjobcenter).<\/p>\n","protected":false},"excerpt":{"rendered":"<div class=\"tmnf_excerpt\"><p>Fulda. F\u00fcr ihr besonderes Engagement im Bereich der Ausbildung hat die Agentur f\u00fcr Arbeit Fulda im Rahmen der Ausbildungsmarktkonferenz drei heimische Betriebe ausgezeichnet: die JOB AG (Fulda), Pappert\u00e2\u20ac\u2122s GmbH &amp; Co.KG (Poppenhausen) sowie die Firma Emod, die Firmensitze in Fulda und Bad Salzschlirf unterh\u00e4lt.<\/p>\n<\/div>","protected":false},"author":1,"featured_media":0,"comment_status":"closed","ping_status":"closed","sticky":false,"template":"","format":"standard","meta":{"footnotes":""},"categories":[1,53],"tags":[],"class_list":["post-131319","post","type-post","status-publish","format-standard","hentry","category-startseite","category-bildung"],"_links":{"self":[{"href":"https:\/\/www.fuldaernachrichten.de\/index.php?rest_route=\/wp\/v2\/posts\/131319","targetHints":{"allow":["GET"]}}],"collection":[{"href":"https:\/\/www.fuldaernachrichten.de\/index.php?rest_route=\/wp\/v2\/posts"}],"about":[{"href":"https:\/\/www.fuldaernachrichten.de\/index.php?rest_route=\/wp\/v2\/types\/post"}],"author":[{"embeddable":true,"href":"https:\/\/www.fuldaernachrichten.de\/index.php?rest_route=\/wp\/v2\/users\/1"}],"replies":[{"embeddable":true,"href":"https:\/\/www.fuldaernachrichten.de\/index.php?rest_route=%2Fwp%2Fv2%2Fcomments&post=131319"}],"version-history":[{"count":1,"href":"https:\/\/www.fuldaernachrichten.de\/index.php?rest_route=\/wp\/v2\/posts\/131319\/revisions"}],"predecessor-version":[{"id":131321,"href":"https:\/\/www.fuldaernachrichten.de\/index.php?rest_route=\/wp\/v2\/posts\/131319\/revisions\/131321"}],"wp:attachment":[{"href":"https:\/\/www.fuldaernachrichten.de\/index.php?rest_route=%2Fwp%2Fv2%2Fmedia&parent=131319"}],"wp:term":[{"taxonomy":"category","embeddable":true,"href":"https:\/\/www.fuldaernachrichten.de\/index.php?rest_route=%2Fwp%2Fv2%2Fcategories&post=131319"},{"taxonomy":"post_tag","embeddable":true,"href":"https:\/\/www.fuldaernachrichten.de\/index.php?rest_route=%2Fwp%2Fv2%2Ftags&post=131319"}],"curies":[{"name":"wp","href":"https:\/\/api.w.org\/{rel}","templated":true}]}}