{"id":131295,"date":"2014-11-01T00:15:58","date_gmt":"2014-11-01T00:15:58","guid":{"rendered":"http:\/\/www.fuldaer-nachrichten.de\/?p=131295"},"modified":"2014-10-31T13:35:49","modified_gmt":"2014-10-31T13:35:49","slug":"unternehmersprechtag-in-fulda-experten-beraten-unternehmer-zu-fragen-der-finanzierung-9","status":"publish","type":"post","link":"https:\/\/www.fuldaernachrichten.de\/?p=131295","title":{"rendered":"Unternehmersprechtag in Fulda  Experten beraten Unternehmer zu Fragen der Finanzierung"},"content":{"rendered":"<p>Fulda. Am Freitag, 7. November 2014 k\u00f6nnen sich Inhaber und Gesch\u00e4ftsf\u00fchrer kleiner und mittlerer Unternehmen ab 08:30 Uhr im Informationstechnologie-, Gr\u00fcnder- und Multimediazentrum Fulda, Am Alten Schlachthof 4, 36037 Fulda, nach Anmeldung in Einzelterminen kostenlos beraten lassen. Experten der Wirtschafts- und Infrastrukturbank Hessen (WIBank), der Industrie- und Handelskammer Fulda, der Handwerkskammer Kassel sowie des Rationalisierungs- und Innovationszentrums der Wirtschaft (RKW Hessen) bieten diesen Service in einer eigens aufgebauten Kooperation gemeinsam an.<!--more--><\/p>\n<p>Die Beratungsthemen reichen von der Unternehmensfinanzierung unter Inanspruchnahme \u00f6ffentlicher F\u00f6rdermittel \u00fcber die F\u00f6rderung betriebswirtschaftlicher und technologischer Beratung, die Unternehmens\u00fcbergabe beziehungweise \u2013\u00fcbernahme, den Zugang zu Hochschul-Know-how bis hin zur Beratung \u00fcber einen geeigneten Standort und beh\u00f6rdliche Genehmigungsverfahren.<\/p>\n<p>Innerhalb eines Termins k\u00f6nnen Unternehmer wichtige Informationen zu ganz unterschiedlichen Themen erhalten und gleich die Antworten auf ein B\u00fcndel verschiedenster Fragen mitnehmen. Die WIBank bringt ihre Expertise im Bereich F\u00f6rdermittel ein, die IHK, HWK und das RKW erg\u00e4nzen spezifische Branchen- und Unternehmenskenntnisse.<\/p>\n<p><strong>Anmeldungen<\/strong> zum Sprechtag sind \u00fcber die IHK unter Telefon 0661 284-15, Sabrina K\u00fcmmel-Naderer m\u00f6glich. Unternehmer erhalten einen zeitlich festgelegten Beratungstermin. Sinnvoll ist es, eine kurzgefasste Beschreibung des Anliegens zu verfassen, damit sich die Gespr\u00e4chspartner auf das konkrete Anliegen vorbereiten k\u00f6nnen. E-Mail an: kuemmel-naderer@fulda.ihk.de.<\/p>\n","protected":false},"excerpt":{"rendered":"<div class=\"tmnf_excerpt\"><p>Fulda. Am Freitag, 7. November 2014 k\u00f6nnen sich Inhaber und Gesch\u00e4ftsf\u00fchrer kleiner und mittlerer Unternehmen ab 08:30 Uhr im Informationstechnologie-, Gr\u00fcnder- und Multimediazentrum Fulda, Am Alten Schlachthof 4, 36037 Fulda, nach Anmeldung in Einzelterminen kostenlos beraten lassen. Experten der Wirtschafts- und Infrastrukturbank Hessen (WIBank), der Industrie- und Handelskammer Fulda, der Handwerkskammer Kassel sowie des Rationalisierungs- &hellip;<\/p>\n<\/div>","protected":false},"author":1,"featured_media":0,"comment_status":"closed","ping_status":"closed","sticky":false,"template":"","format":"standard","meta":{"footnotes":""},"categories":[1,29],"tags":[],"class_list":["post-131295","post","type-post","status-publish","format-standard","hentry","category-startseite","category-politik"],"_links":{"self":[{"href":"https:\/\/www.fuldaernachrichten.de\/index.php?rest_route=\/wp\/v2\/posts\/131295","targetHints":{"allow":["GET"]}}],"collection":[{"href":"https:\/\/www.fuldaernachrichten.de\/index.php?rest_route=\/wp\/v2\/posts"}],"about":[{"href":"https:\/\/www.fuldaernachrichten.de\/index.php?rest_route=\/wp\/v2\/types\/post"}],"author":[{"embeddable":true,"href":"https:\/\/www.fuldaernachrichten.de\/index.php?rest_route=\/wp\/v2\/users\/1"}],"replies":[{"embeddable":true,"href":"https:\/\/www.fuldaernachrichten.de\/index.php?rest_route=%2Fwp%2Fv2%2Fcomments&post=131295"}],"version-history":[{"count":1,"href":"https:\/\/www.fuldaernachrichten.de\/index.php?rest_route=\/wp\/v2\/posts\/131295\/revisions"}],"predecessor-version":[{"id":131296,"href":"https:\/\/www.fuldaernachrichten.de\/index.php?rest_route=\/wp\/v2\/posts\/131295\/revisions\/131296"}],"wp:attachment":[{"href":"https:\/\/www.fuldaernachrichten.de\/index.php?rest_route=%2Fwp%2Fv2%2Fmedia&parent=131295"}],"wp:term":[{"taxonomy":"category","embeddable":true,"href":"https:\/\/www.fuldaernachrichten.de\/index.php?rest_route=%2Fwp%2Fv2%2Fcategories&post=131295"},{"taxonomy":"post_tag","embeddable":true,"href":"https:\/\/www.fuldaernachrichten.de\/index.php?rest_route=%2Fwp%2Fv2%2Ftags&post=131295"}],"curies":[{"name":"wp","href":"https:\/\/api.w.org\/{rel}","templated":true}]}}