{"id":131278,"date":"2014-11-01T00:12:05","date_gmt":"2014-11-01T00:12:05","guid":{"rendered":"http:\/\/www.fuldaer-nachrichten.de\/?p=131278"},"modified":"2014-10-31T13:24:23","modified_gmt":"2014-10-31T13:24:23","slug":"zielinski-kinderschutz-bedeutet-gefaehrdungen-fruehzeitig-professionell-zu-erkennen","status":"publish","type":"post","link":"https:\/\/www.fuldaernachrichten.de\/?p=131278","title":{"rendered":"Zielinski: Kinderschutz bedeutet, Gef\u00e4hrdungen fr\u00fchzeitig professionell zu erkennen"},"content":{"rendered":"<p>Vogelsbergkreis. Der F\u00f6rderauftrag des Kindergartens umfasst in erster Linie die Erziehung, Bildung und Betreuung jedes Kindes, das sich zu einer eigenverantwortlichen und gemeinschaftsf\u00e4higen Pers\u00f6nlichkeit weiterentwickeln soll.\u00c2\u00a0 Doch neben diesem gesetzlich festgeschriebenen Dreigestirn definiert das Achte Buch des Sozialgesetzbuches (SGB VIII) verbindliche Verfahrensschritte f\u00fcr Kitas, die bei Verdacht auf eine drohende oder bestehende Beeintr\u00e4chtigung des Kindeswohls umzusetzen sind. Denn noch immer erleiden Kinder in ihrem Elternhaus Vernachl\u00e4ssigung und Gewalt.<!--more--><\/p>\n<p>Kita-Fachkr\u00e4fte sind verpflichtet, Anhaltspunkten einer Gef\u00e4hrdung nachzugehen und professionell zu handeln. So festgeschrieben im \u00c2\u00a7 8a des SGB VIII. Jugenddezernent Peter Zielinski stellt die wertvolle Arbeit der Fachstelle f\u00fcr Kindertageseinrichtungen heraus und betont: \u201eWirksamer Kinderschutz als Teil des umfassenden Pr\u00e4ventionsansatzes bedeutet, m\u00f6gliche Gef\u00e4hrdungen fr\u00fchzeitig und professionell zu erkennen.\u201c<\/p>\n<p>Seit 2008 unterst\u00fctzt die Fachstelle im Jugendamt mit einer j\u00e4hrlichen Fortbildung diese anspruchsvolle Aufgabe der Kita-Fachkr\u00e4fte. An dem Fortbildungsangebot nahmen bislang 113 Leiterinnen\/Erzieherinnen aus 40 Kitas des Vogelsbergkreises teil. Das Seminar, seit sechs Jahren geleitet von Ulrike Sch\u00fctz und Annegret Schulte, die beide beim Kinderschutzbund in Marburg t\u00e4tig sind, vermittelt Kenntnisse dar\u00fcber, eine drohende oder bestehende Beeintr\u00e4chtigung des Kindeswohls zu erkennen, Gef\u00e4hrdungslagen und Beeintr\u00e4chtigungen angemessen zu beurteilen und auf Grundlage der Beurteilung dann auch zum Wohle des betreffenden Kindes zu handeln.<\/p>\n<p>W\u00e4hrend der dreit\u00e4gigen Veranstaltungen werden die Grundbed\u00fcrfnisse von Kindern, Erscheinungsformen von Beeintr\u00e4chtigungen wie k\u00f6rperliche Misshandlung, Vernachl\u00e4ssigung oder sexuelle Gewalt detailliert erarbeitet. Au\u00dferdem geht es um die angemessene Einsch\u00e4tzung der Gef\u00e4hrdung \u2013 unter Einbeziehung einer externen Kinderschutzfachkraft \u2013 und nicht zuletzt vor allem um das Finden von Handlungsoptionen, die einem Kind und seiner Familie helfen.<\/p>\n<p>Wegen der gro\u00dfen Nachfrage wird auch im kommenden Jahr wieder eine entsprechende Fortbildung angeboten. F\u00fcr R\u00fcckfragen und n\u00e4here Informationen steht die Fachstelle f\u00fcr Kindertageseinrichtungen im Jugendamt in Lauterbach, Monika Lein und Claudia Pelinka, gerne telefonisch unter 06641\/977-419 oder 977-441 zur Verf\u00fcgung.<\/p>\n","protected":false},"excerpt":{"rendered":"<div class=\"tmnf_excerpt\"><p>Vogelsbergkreis. Der F\u00f6rderauftrag des Kindergartens umfasst in erster Linie die Erziehung, Bildung und Betreuung jedes Kindes, das sich zu einer eigenverantwortlichen und gemeinschaftsf\u00e4higen Pers\u00f6nlichkeit weiterentwickeln soll.\u00c2\u00a0 Doch neben diesem gesetzlich festgeschriebenen Dreigestirn definiert das Achte Buch des Sozialgesetzbuches (SGB VIII) verbindliche Verfahrensschritte f\u00fcr Kitas, die bei Verdacht auf eine drohende oder bestehende Beeintr\u00e4chtigung des Kindeswohls &hellip;<\/p>\n<\/div>","protected":false},"author":1,"featured_media":0,"comment_status":"closed","ping_status":"closed","sticky":false,"template":"","format":"standard","meta":{"footnotes":""},"categories":[1,53],"tags":[],"class_list":["post-131278","post","type-post","status-publish","format-standard","hentry","category-startseite","category-bildung"],"_links":{"self":[{"href":"https:\/\/www.fuldaernachrichten.de\/index.php?rest_route=\/wp\/v2\/posts\/131278","targetHints":{"allow":["GET"]}}],"collection":[{"href":"https:\/\/www.fuldaernachrichten.de\/index.php?rest_route=\/wp\/v2\/posts"}],"about":[{"href":"https:\/\/www.fuldaernachrichten.de\/index.php?rest_route=\/wp\/v2\/types\/post"}],"author":[{"embeddable":true,"href":"https:\/\/www.fuldaernachrichten.de\/index.php?rest_route=\/wp\/v2\/users\/1"}],"replies":[{"embeddable":true,"href":"https:\/\/www.fuldaernachrichten.de\/index.php?rest_route=%2Fwp%2Fv2%2Fcomments&post=131278"}],"version-history":[{"count":1,"href":"https:\/\/www.fuldaernachrichten.de\/index.php?rest_route=\/wp\/v2\/posts\/131278\/revisions"}],"predecessor-version":[{"id":131279,"href":"https:\/\/www.fuldaernachrichten.de\/index.php?rest_route=\/wp\/v2\/posts\/131278\/revisions\/131279"}],"wp:attachment":[{"href":"https:\/\/www.fuldaernachrichten.de\/index.php?rest_route=%2Fwp%2Fv2%2Fmedia&parent=131278"}],"wp:term":[{"taxonomy":"category","embeddable":true,"href":"https:\/\/www.fuldaernachrichten.de\/index.php?rest_route=%2Fwp%2Fv2%2Fcategories&post=131278"},{"taxonomy":"post_tag","embeddable":true,"href":"https:\/\/www.fuldaernachrichten.de\/index.php?rest_route=%2Fwp%2Fv2%2Ftags&post=131278"}],"curies":[{"name":"wp","href":"https:\/\/api.w.org\/{rel}","templated":true}]}}